{"id":2845,"date":"2023-07-03T16:41:15","date_gmt":"2023-07-03T15:41:15","guid":{"rendered":"https:\/\/skromanija.com\/?p=2845"},"modified":"2023-07-25T13:07:16","modified_gmt":"2023-07-25T12:07:16","slug":"ibu-zagledana-u-uzbudljivu-buducnost-na-sastanku-predsjednika-na-30-godisnjicu","status":"publish","type":"post","link":"https:\/\/skromanija.com\/en\/ibu-zagledana-u-uzbudljivu-buducnost-na-sastanku-predsjednika-na-30-godisnjicu\/","title":{"rendered":"IBU zagledana u uzbudljivu budu\u0107nost na sastanku predsjednika na 30. godi\u0161njicu"},"content":{"rendered":"<p><img loading=\"lazy\" decoding=\"async\" class=\"alignnone size-large wp-image-2861\" src=\"https:\/\/skromanija.com\/wp-content\/uploads\/2023\/07\/358596049_1752025658572229_1992590075439994476_n-1024x675.jpg\" alt=\"\" width=\"1024\" height=\"675\" srcset=\"https:\/\/skromanija.com\/wp-content\/uploads\/2023\/07\/358596049_1752025658572229_1992590075439994476_n-1024x675.jpg 1024w, https:\/\/skromanija.com\/wp-content\/uploads\/2023\/07\/358596049_1752025658572229_1992590075439994476_n-300x198.jpg 300w, https:\/\/skromanija.com\/wp-content\/uploads\/2023\/07\/358596049_1752025658572229_1992590075439994476_n-768x506.jpg 768w, https:\/\/skromanija.com\/wp-content\/uploads\/2023\/07\/358596049_1752025658572229_1992590075439994476_n-128x84.jpg 128w, https:\/\/skromanija.com\/wp-content\/uploads\/2023\/07\/358596049_1752025658572229_1992590075439994476_n-32x21.jpg 32w, https:\/\/skromanija.com\/wp-content\/uploads\/2023\/07\/358596049_1752025658572229_1992590075439994476_n-98x65.jpg 98w, https:\/\/skromanija.com\/wp-content\/uploads\/2023\/07\/358596049_1752025658572229_1992590075439994476_n.jpg 1080w\" sizes=\"auto, (max-width: 1024px) 100vw, 1024px\" \/><\/p>\n<p>\u010clanovi delegacije SS BiH<\/p>\n<p>Sastanak predsjednika IBU odr\u017ean je 1. jula 2023. povodom 30. godi\u0161njice federacije i bio je usredsre\u0111en na to kako obezbjediti buduc\u0301nost sporta u decenijama koje dolaze.<\/p>\n<p>Predsjednik IBU Ole Dalin otvorio je sastanak pregledom zna\u010dajnog napretka koji je postignut i pohvalio nacionalne federacije za neprocjenjivu ulogu koju su odigrale u unaprije\u0111enju sporta \u0161irom svijeta. On je rekao da je IBU ispred roka sa strate\u0161kim planom Target 26.<\/p>\n<p>Generalni sekretar IBU Maks Kob predstavio je \u010dlanove Izvr\u0161nog odbora IBU, zahvaliv\u0161i im na njihovom vo\u0111stvu koje je ovu organizaciju dovelo u tako jaku poziciju. On je odr\u017eao prezentaciju o finansijskim rezultatima prethodne sezone i informacijama koje je IBU prikupio od nacionalnih federacija kroz svoje regionalne radionice i onlajn ankete. Ove informacije c\u0301e voditi planove kako bi se osiguralo da IBU postigne svoje poslovne ciljeve za 2030. godinu. Tako\u0111e c\u0301e biti implementiran 15-mjese\u010dni akcioni plan kako bi se odgovorilo na klju\u010dne izazove koje su identifikovale nacionalne federacije prilikom definisanja pro\u0161irenog plana za cilj 2030.<\/p>\n<p>Sastanak je uklju\u010divao brojne uvodne rije\u010di i interaktivne panel diskusije kako bi se podstakla debata o op\u0161tim ciljevima IBU. Glen Killane, izvr\u0161ni direktor Evrovizijskog sporta, Evropske radiodifuzne unije, odr\u017eao je glavnu rije\u010d o buduc\u0301nosti sportskog emitovanja i kako striming nastavlja da raste, zamjenjujuc\u0301i linearnu potro\u0161nju. Govorio je o tome da je biatlon jedno od najva\u017enijih svojstava Evrovizije i da je domet EBU-a tu da bolje ispri\u010da pri\u010de sportista kako bi privukao nove fanove. On posebno \u017eeli da biatlon postane globalni sport i pozvao je \u010delnike NF da pomognu u izgradnji veza sa svojim domac\u0301im emiterima.<\/p>\n<p>Benjamin Boldt je predstavio najbolju praksu u promovisanju sporta i kori\u0161c\u0301enja sadr\u017eaja na svim kanalima Red Bull Media Brand Netvork-a. Boldt je objasnio kako Red Bull Media mo\u017ee da radi zajedno sa velikim nosiocima prava na pobolj\u0161anju pripovijedanja i stvaranju bezvremenskog sadr\u017eaja kako bi se ostvario najvec\u0301i doseg; napominjuc\u0301i da je zabavni i emocijama vo\u0111en sadr\u017eaj dru\u0161tvenih medija najefikasniji na\u010din da se dopre do mladih ciljnih grupa.<\/p>\n<p>Dr Marc Olefs, \u0161ef odeljenja za istra\u017eivanje klime, Geosphere Austria, osvrnuo se na odr\u017eivost i zimske sportove i ulogu koju sportske organizacije mogu da imaju. Dr Olefs je naglasio hitnu potrebu za klimatskim akcijama danas, sa samo 30 godina prije nego \u0161to c\u0301e zagrijavanje od dva stepena smanjiti snijeg. Dr Olefs je objasnio da mjere prilago\u0111avanja i mjere ubla\u017eavanja moraju biti preduzete istovremeno kako bi se maksimizirao uticaj. Nekoliko lidera NF-a se bavilo pitanjima i ponovilo potrebu da biatlonska zajednica radi zajedno sa nacionalnim vladama na odgovarajuc\u0301im klimatskim akcijama.<\/p>\n<p>Panel diskusije su uslijedile nakon tri uvodne rije\u010di i okupile su predstavnike Nacionalne federacije da<\/p>\n<p>raspravljaju o klju\u010dnim pitanjima koja uti\u010du na biatlon: privla\u010denje vec\u0301eg broja djece i mladih u sport; procjena i povec\u0301anje komercijalne vrijednosti biatlona; i zatvaranje jaza do podijuma.<\/p>\n<p>Govorec\u0301i nakon sastanka predsednika, predsednik IBU Olle Dahlin je rekao:<\/p>\n<p>Dana\u0161nje sesije su bile va\u017ena prilika za razmjenu informacija i sagledavanje toga gdje se nalazimo kao sport i uzbudljivih prilika koje su pred nama. Svi treba da budemo inspirisani onim \u0161to smo do sada postigli. I motivisani da se sada vratimo na posao i jo\u0161 vi\u0161e razvijamo na\u0161 sport.<\/p>\n<p>Biatlon se oslanja na svaku od svojih nacionalnih federacija u razvoju sporta u svojim zemljama. Imamo ambiciozne ciljeve koje \u017eelimo da postignemo do 2030. godine i bic\u0301e nam potrebna saradnja svih u porodici biatlona ako \u017eelimo da ih ostvarimo.<\/p>\n<p>Sastanak je zavr\u0161en sa tri paralelne radionice od kojih je svaka odr\u017eana dva puta kako bi se delegatima omoguc\u0301ilo prisustvo na dvije sesije. Teme radionica bile su: kori\u0161c\u0301enje IBU akademije; put ka uspjehu kroz status, ciljeve i strategije; i digitalni sadr\u017eaj, doseg i gledanost.<\/p>\n<pre class=\"tw-data-text tw-text-small tw-ta\" dir=\"ltr\" data-placeholder=\"\"><span class=\"Y2IQFc\">\r\n <img loading=\"lazy\" decoding=\"async\" class=\"alignnone size-large wp-image-2846\" src=\"https:\/\/skromanija.com\/wp-content\/uploads\/2023\/07\/11-1-1024x577.jpg\" alt=\"\" width=\"1024\" height=\"577\" srcset=\"https:\/\/skromanija.com\/wp-content\/uploads\/2023\/07\/11-1-1024x577.jpg 1024w, https:\/\/skromanija.com\/wp-content\/uploads\/2023\/07\/11-1-300x169.jpg 300w, https:\/\/skromanija.com\/wp-content\/uploads\/2023\/07\/11-1-768x432.jpg 768w, https:\/\/skromanija.com\/wp-content\/uploads\/2023\/07\/11-1-1536x865.jpg 1536w, https:\/\/skromanija.com\/wp-content\/uploads\/2023\/07\/11-1-128x72.jpg 128w, https:\/\/skromanija.com\/wp-content\/uploads\/2023\/07\/11-1-32x18.jpg 32w, https:\/\/skromanija.com\/wp-content\/uploads\/2023\/07\/11-1-98x55.jpg 98w, https:\/\/skromanija.com\/wp-content\/uploads\/2023\/07\/11-1.jpg 1600w\" sizes=\"auto, (max-width: 1024px) 100vw, 1024px\" \/><\/span><\/pre>\n<p>\u010clanovi delegacije SS BiH u dru\u0161tvu predstavnika prijateljskih federacija Hrvatske i Srbije<\/p>\n<p>tokom sastanka u Be\u010du<\/p>\n<pre class=\"tw-data-text tw-text-small tw-ta\" dir=\"ltr\" data-placeholder=\"\"><span class=\"Y2IQFc\">\r\n<img loading=\"lazy\" decoding=\"async\" class=\"alignnone size-large wp-image-2847\" src=\"https:\/\/skromanija.com\/wp-content\/uploads\/2023\/07\/22-461x1024.jpg\" alt=\"\" width=\"461\" height=\"1024\" srcset=\"https:\/\/skromanija.com\/wp-content\/uploads\/2023\/07\/22-461x1024.jpg 461w, https:\/\/skromanija.com\/wp-content\/uploads\/2023\/07\/22-135x300.jpg 135w, https:\/\/skromanija.com\/wp-content\/uploads\/2023\/07\/22-768x1705.jpg 768w, https:\/\/skromanija.com\/wp-content\/uploads\/2023\/07\/22-692x1536.jpg 692w, https:\/\/skromanija.com\/wp-content\/uploads\/2023\/07\/22-58x128.jpg 58w, https:\/\/skromanija.com\/wp-content\/uploads\/2023\/07\/22-14x32.jpg 14w, https:\/\/skromanija.com\/wp-content\/uploads\/2023\/07\/22-44x98.jpg 44w, https:\/\/skromanija.com\/wp-content\/uploads\/2023\/07\/22.jpg 811w\" sizes=\"auto, (max-width: 461px) 100vw, 461px\" \/><\/span><\/pre>\n<p>Predstavnik SS BiH i predsjednik SK &#8220;Romanija&#8221; Pale, Ljubi\u0161a Tani\u0107<\/p>\n<pre class=\"tw-data-text tw-text-small tw-ta\" dir=\"ltr\" data-placeholder=\"\"><span class=\"Y2IQFc\">\r\n<img loading=\"lazy\" decoding=\"async\" class=\"alignnone size-large wp-image-2848\" src=\"https:\/\/skromanija.com\/wp-content\/uploads\/2023\/07\/33-1024x697.jpg\" alt=\"\" width=\"1024\" height=\"697\" srcset=\"https:\/\/skromanija.com\/wp-content\/uploads\/2023\/07\/33-1024x697.jpg 1024w, https:\/\/skromanija.com\/wp-content\/uploads\/2023\/07\/33-300x204.jpg 300w, https:\/\/skromanija.com\/wp-content\/uploads\/2023\/07\/33-768x522.jpg 768w, https:\/\/skromanija.com\/wp-content\/uploads\/2023\/07\/33-1536x1045.jpg 1536w, https:\/\/skromanija.com\/wp-content\/uploads\/2023\/07\/33-128x87.jpg 128w, https:\/\/skromanija.com\/wp-content\/uploads\/2023\/07\/33-32x22.jpg 32w, https:\/\/skromanija.com\/wp-content\/uploads\/2023\/07\/33-98x67.jpg 98w, https:\/\/skromanija.com\/wp-content\/uploads\/2023\/07\/33.jpg 1579w\" sizes=\"auto, (max-width: 1024px) 100vw, 1024px\" \/>\r\n<\/span><\/pre>\n<p>Predstavnik SS BiH i predsjednik SK &#8220;Romanija&#8221; Pale, Ljubi\u0161a Tani\u0107 razmjenjuje<\/p>\n<p>iskustva u planiranju razvoja infrastrukture za biatlon kolegama iz \u0160panije,<\/p>\n<p>Brazila, Libana, Turske i Grenlanda.<\/p>\n<pre class=\"tw-data-text tw-text-small tw-ta\" dir=\"ltr\" data-placeholder=\"\"><span class=\"Y2IQFc\"><img loading=\"lazy\" decoding=\"async\" class=\"alignnone size-large wp-image-2849\" src=\"https:\/\/skromanija.com\/wp-content\/uploads\/2023\/07\/45-1024x768.jpg\" alt=\"\" width=\"1024\" height=\"768\" srcset=\"https:\/\/skromanija.com\/wp-content\/uploads\/2023\/07\/45-1024x768.jpg 1024w, https:\/\/skromanija.com\/wp-content\/uploads\/2023\/07\/45-300x225.jpg 300w, https:\/\/skromanija.com\/wp-content\/uploads\/2023\/07\/45-768x576.jpg 768w, https:\/\/skromanija.com\/wp-content\/uploads\/2023\/07\/45-1536x1152.jpg 1536w, https:\/\/skromanija.com\/wp-content\/uploads\/2023\/07\/45-128x96.jpg 128w, https:\/\/skromanija.com\/wp-content\/uploads\/2023\/07\/45-32x24.jpg 32w, https:\/\/skromanija.com\/wp-content\/uploads\/2023\/07\/45-98x74.jpg 98w, https:\/\/skromanija.com\/wp-content\/uploads\/2023\/07\/45-160x120.jpg 160w, https:\/\/skromanija.com\/wp-content\/uploads\/2023\/07\/45.jpg 1600w\" sizes=\"auto, (max-width: 1024px) 100vw, 1024px\" \/><\/span><\/pre>\n<p>Predstavnik SSBiH i predsjednik SK &#8220;Romanija&#8221; Pale tokom radne ve\u010dere u razgovoru<\/p>\n<p>sa predsjednikom IBU, gospodinom Ole Dalinom i predsjednikom bratskog biatlon<\/p>\n<p>saveza Srbije na sastanku u Be\u010du.<\/p>\n<p>Link: <a href=\"https:\/\/www.biathlonworld.com\/news\/ibu-presidents-meeting-anniversary\/6hNVepUqOu6LJhKXqwBqQ\" target=\"_blank\" rel=\"noopener\">https:\/\/www.biathlonworld.com<\/a><\/p>\n","protected":false},"excerpt":{"rendered":"<p>\u010clanovi delegacije SS BiH Sastanak predsjednika IBU odr\u017ean je 1. jula 2023. povodom 30. godi\u0161njice federacije i bio je usredsre\u0111en na to kako obezbjediti buduc\u0301nost sporta u decenijama koje dolaze&#8230;.<\/p>\n","protected":false},"author":1,"featured_media":2851,"comment_status":"closed","ping_status":"closed","sticky":false,"template":"","format":"standard","meta":{"footnotes":""},"categories":[67],"tags":[],"class_list":["post-2845","post","type-post","status-publish","format-standard","has-post-thumbnail","hentry","category-novosti"],"yoast_head":"<!-- This site is optimized with the Yoast SEO plugin v27.5 - https:\/\/yoast.com\/product\/yoast-seo-wordpress\/ -->\n<title>IBU zagledana u uzbudljivu budu\u0107nost na sastanku predsjednika na 30. godi\u0161njicu - Nordijski smu\u010darski klub Romanija Pale<\/title>\n<meta name=\"robots\" content=\"index, follow, max-snippet:-1, max-image-preview:large, max-video-preview:-1\" \/>\n<link rel=\"canonical\" href=\"https:\/\/skromanija.com\/en\/ibu-zagledana-u-uzbudljivu-buducnost-na-sastanku-predsjednika-na-30-godisnjicu\/\" \/>\n<meta property=\"og:locale\" content=\"en_US\" \/>\n<meta property=\"og:type\" content=\"article\" \/>\n<meta property=\"og:title\" content=\"IBU zagledana u uzbudljivu budu\u0107nost na sastanku predsjednika na 30. godi\u0161njicu - Nordijski smu\u010darski klub Romanija Pale\" \/>\n<meta property=\"og:description\" content=\"\u010clanovi delegacije SS BiH Sastanak predsjednika IBU odr\u017ean je 1. jula 2023. povodom 30. godi\u0161njice federacije i bio je usredsre\u0111en na to kako obezbjediti buduc\u0301nost sporta u decenijama koje dolaze....\" \/>\n<meta property=\"og:url\" content=\"https:\/\/skromanija.com\/en\/ibu-zagledana-u-uzbudljivu-buducnost-na-sastanku-predsjednika-na-30-godisnjicu\/\" \/>\n<meta property=\"og:site_name\" content=\"Nordijski smu\u010darski klub Romanija Pale\" \/>\n<meta property=\"article:published_time\" content=\"2023-07-03T15:41:15+00:00\" \/>\n<meta property=\"article:modified_time\" content=\"2023-07-25T12:07:16+00:00\" \/>\n<meta property=\"og:image\" content=\"https:\/\/skromanija.com\/wp-content\/uploads\/2023\/07\/ibu.jpg\" \/>\n\t<meta property=\"og:image:width\" content=\"1600\" \/>\n\t<meta property=\"og:image:height\" content=\"1200\" \/>\n\t<meta property=\"og:image:type\" content=\"image\/jpeg\" \/>\n<meta name=\"author\" content=\"RomSKus\" \/>\n<meta name=\"twitter:card\" content=\"summary_large_image\" \/>\n<meta name=\"twitter:label1\" content=\"Written by\" \/>\n\t<meta name=\"twitter:data1\" content=\"RomSKus\" \/>\n\t<meta name=\"twitter:label2\" content=\"Est. reading time\" \/>\n\t<meta name=\"twitter:data2\" content=\"4 minutes\" \/>\n<script type=\"application\/ld+json\" class=\"yoast-schema-graph\">{\"@context\":\"https:\\\/\\\/schema.org\",\"@graph\":[{\"@type\":\"Article\",\"@id\":\"https:\\\/\\\/skromanija.com\\\/en\\\/ibu-zagledana-u-uzbudljivu-buducnost-na-sastanku-predsjednika-na-30-godisnjicu\\\/#article\",\"isPartOf\":{\"@id\":\"https:\\\/\\\/skromanija.com\\\/en\\\/ibu-zagledana-u-uzbudljivu-buducnost-na-sastanku-predsjednika-na-30-godisnjicu\\\/\"},\"author\":{\"name\":\"RomSKus\",\"@id\":\"https:\\\/\\\/skromanija.com\\\/#\\\/schema\\\/person\\\/a9e1a1196dc06e040729da126c5a52ab\"},\"headline\":\"IBU zagledana u uzbudljivu budu\u0107nost na sastanku predsjednika na 30. godi\u0161njicu\",\"datePublished\":\"2023-07-03T15:41:15+00:00\",\"dateModified\":\"2023-07-25T12:07:16+00:00\",\"mainEntityOfPage\":{\"@id\":\"https:\\\/\\\/skromanija.com\\\/en\\\/ibu-zagledana-u-uzbudljivu-buducnost-na-sastanku-predsjednika-na-30-godisnjicu\\\/\"},\"wordCount\":759,\"publisher\":{\"@id\":\"https:\\\/\\\/skromanija.com\\\/#organization\"},\"image\":{\"@id\":\"https:\\\/\\\/skromanija.com\\\/en\\\/ibu-zagledana-u-uzbudljivu-buducnost-na-sastanku-predsjednika-na-30-godisnjicu\\\/#primaryimage\"},\"thumbnailUrl\":\"https:\\\/\\\/skromanija.com\\\/wp-content\\\/uploads\\\/2023\\\/07\\\/ibu.jpg\",\"articleSection\":[\"Novosti\"],\"inLanguage\":\"en-US\"},{\"@type\":\"WebPage\",\"@id\":\"https:\\\/\\\/skromanija.com\\\/en\\\/ibu-zagledana-u-uzbudljivu-buducnost-na-sastanku-predsjednika-na-30-godisnjicu\\\/\",\"url\":\"https:\\\/\\\/skromanija.com\\\/en\\\/ibu-zagledana-u-uzbudljivu-buducnost-na-sastanku-predsjednika-na-30-godisnjicu\\\/\",\"name\":\"IBU zagledana u uzbudljivu budu\u0107nost na sastanku predsjednika na 30. godi\u0161njicu - Nordijski smu\u010darski klub Romanija Pale\",\"isPartOf\":{\"@id\":\"https:\\\/\\\/skromanija.com\\\/en\\\/#website\"},\"primaryImageOfPage\":{\"@id\":\"https:\\\/\\\/skromanija.com\\\/en\\\/ibu-zagledana-u-uzbudljivu-buducnost-na-sastanku-predsjednika-na-30-godisnjicu\\\/#primaryimage\"},\"image\":{\"@id\":\"https:\\\/\\\/skromanija.com\\\/en\\\/ibu-zagledana-u-uzbudljivu-buducnost-na-sastanku-predsjednika-na-30-godisnjicu\\\/#primaryimage\"},\"thumbnailUrl\":\"https:\\\/\\\/skromanija.com\\\/wp-content\\\/uploads\\\/2023\\\/07\\\/ibu.jpg\",\"datePublished\":\"2023-07-03T15:41:15+00:00\",\"dateModified\":\"2023-07-25T12:07:16+00:00\",\"breadcrumb\":{\"@id\":\"https:\\\/\\\/skromanija.com\\\/en\\\/ibu-zagledana-u-uzbudljivu-buducnost-na-sastanku-predsjednika-na-30-godisnjicu\\\/#breadcrumb\"},\"inLanguage\":\"en-US\",\"potentialAction\":[{\"@type\":\"ReadAction\",\"target\":[[\"https:\\\/\\\/skromanija.com\\\/en\\\/ibu-zagledana-u-uzbudljivu-buducnost-na-sastanku-predsjednika-na-30-godisnjicu\\\/\"]]}]},{\"@type\":\"ImageObject\",\"inLanguage\":\"en-US\",\"@id\":\"https:\\\/\\\/skromanija.com\\\/en\\\/ibu-zagledana-u-uzbudljivu-buducnost-na-sastanku-predsjednika-na-30-godisnjicu\\\/#primaryimage\",\"url\":\"https:\\\/\\\/skromanija.com\\\/wp-content\\\/uploads\\\/2023\\\/07\\\/ibu.jpg\",\"contentUrl\":\"https:\\\/\\\/skromanija.com\\\/wp-content\\\/uploads\\\/2023\\\/07\\\/ibu.jpg\",\"width\":1600,\"height\":1200},{\"@type\":\"BreadcrumbList\",\"@id\":\"https:\\\/\\\/skromanija.com\\\/en\\\/ibu-zagledana-u-uzbudljivu-buducnost-na-sastanku-predsjednika-na-30-godisnjicu\\\/#breadcrumb\",\"itemListElement\":[{\"@type\":\"ListItem\",\"position\":1,\"name\":\"Home\",\"item\":\"https:\\\/\\\/skromanija.com\\\/en\\\/\"},{\"@type\":\"ListItem\",\"position\":2,\"name\":\"IBU zagledana u uzbudljivu budu\u0107nost na sastanku predsjednika na 30. godi\u0161njicu\"}]},{\"@type\":\"WebSite\",\"@id\":\"https:\\\/\\\/skromanija.com\\\/en\\\/#website\",\"url\":\"https:\\\/\\\/skromanija.com\\\/en\\\/\",\"name\":\"Nordijski smu\u010darski klub Romanija Pale\",\"description\":\"Nordic ski team\",\"publisher\":{\"@id\":\"https:\\\/\\\/skromanija.com\\\/en\\\/#organization\"},\"potentialAction\":[{\"@type\":\"SearchAction\",\"target\":{\"@type\":\"EntryPoint\",\"urlTemplate\":\"https:\\\/\\\/skromanija.com\\\/en\\\/?s={search_term_string}\"},\"query-input\":{\"@type\":\"PropertyValueSpecification\",\"valueRequired\":true,\"valueName\":\"search_term_string\"}}],\"inLanguage\":\"en-US\"},{\"@type\":\"Organization\",\"@id\":\"https:\\\/\\\/skromanija.com\\\/en\\\/#organization\",\"name\":\"Nordijski smu\u010darski klub Romanija Pale\",\"url\":\"https:\\\/\\\/skromanija.com\\\/en\\\/\",\"logo\":{\"@type\":\"ImageObject\",\"inLanguage\":\"en-US\",\"@id\":\"https:\\\/\\\/skromanija.com\\\/en\\\/#\\\/schema\\\/logo\\\/image\\\/\",\"url\":\"https:\\\/\\\/skromanija.com\\\/wp-content\\\/uploads\\\/2023\\\/05\\\/sklogo.png\",\"contentUrl\":\"https:\\\/\\\/skromanija.com\\\/wp-content\\\/uploads\\\/2023\\\/05\\\/sklogo.png\",\"width\":558,\"height\":508,\"caption\":\"Nordijski smu\u010darski klub Romanija Pale\"},\"image\":{\"@id\":\"https:\\\/\\\/skromanija.com\\\/en\\\/#\\\/schema\\\/logo\\\/image\\\/\"}},{\"@type\":\"Person\",\"@id\":\"https:\\\/\\\/skromanija.com\\\/#\\\/schema\\\/person\\\/a9e1a1196dc06e040729da126c5a52ab\",\"name\":\"RomSKus\",\"sameAs\":[\"http:\\\/\\\/skromanija.com\"],\"url\":\"https:\\\/\\\/skromanija.com\\\/en\\\/author\\\/romskus\\\/\"}]}<\/script>\n<!-- \/ Yoast SEO plugin. -->","yoast_head_json":{"title":"IBU zagledana u uzbudljivu budu\u0107nost na sastanku predsjednika na 30. godi\u0161njicu - Nordijski smu\u010darski klub Romanija Pale","robots":{"index":"index","follow":"follow","max-snippet":"max-snippet:-1","max-image-preview":"max-image-preview:large","max-video-preview":"max-video-preview:-1"},"canonical":"https:\/\/skromanija.com\/en\/ibu-zagledana-u-uzbudljivu-buducnost-na-sastanku-predsjednika-na-30-godisnjicu\/","og_locale":"en_US","og_type":"article","og_title":"IBU zagledana u uzbudljivu budu\u0107nost na sastanku predsjednika na 30. godi\u0161njicu - Nordijski smu\u010darski klub Romanija Pale","og_description":"\u010clanovi delegacije SS BiH Sastanak predsjednika IBU odr\u017ean je 1. jula 2023. povodom 30. godi\u0161njice federacije i bio je usredsre\u0111en na to kako obezbjediti buduc\u0301nost sporta u decenijama koje dolaze....","og_url":"https:\/\/skromanija.com\/en\/ibu-zagledana-u-uzbudljivu-buducnost-na-sastanku-predsjednika-na-30-godisnjicu\/","og_site_name":"Nordijski smu\u010darski klub Romanija Pale","article_published_time":"2023-07-03T15:41:15+00:00","article_modified_time":"2023-07-25T12:07:16+00:00","og_image":[{"width":1600,"height":1200,"url":"https:\/\/skromanija.com\/wp-content\/uploads\/2023\/07\/ibu.jpg","type":"image\/jpeg"}],"author":"RomSKus","twitter_card":"summary_large_image","twitter_misc":{"Written by":"RomSKus","Est. reading time":"4 minutes"},"schema":{"@context":"https:\/\/schema.org","@graph":[{"@type":"Article","@id":"https:\/\/skromanija.com\/en\/ibu-zagledana-u-uzbudljivu-buducnost-na-sastanku-predsjednika-na-30-godisnjicu\/#article","isPartOf":{"@id":"https:\/\/skromanija.com\/en\/ibu-zagledana-u-uzbudljivu-buducnost-na-sastanku-predsjednika-na-30-godisnjicu\/"},"author":{"name":"RomSKus","@id":"https:\/\/skromanija.com\/#\/schema\/person\/a9e1a1196dc06e040729da126c5a52ab"},"headline":"IBU zagledana u uzbudljivu budu\u0107nost na sastanku predsjednika na 30. godi\u0161njicu","datePublished":"2023-07-03T15:41:15+00:00","dateModified":"2023-07-25T12:07:16+00:00","mainEntityOfPage":{"@id":"https:\/\/skromanija.com\/en\/ibu-zagledana-u-uzbudljivu-buducnost-na-sastanku-predsjednika-na-30-godisnjicu\/"},"wordCount":759,"publisher":{"@id":"https:\/\/skromanija.com\/#organization"},"image":{"@id":"https:\/\/skromanija.com\/en\/ibu-zagledana-u-uzbudljivu-buducnost-na-sastanku-predsjednika-na-30-godisnjicu\/#primaryimage"},"thumbnailUrl":"https:\/\/skromanija.com\/wp-content\/uploads\/2023\/07\/ibu.jpg","articleSection":["Novosti"],"inLanguage":"en-US"},{"@type":"WebPage","@id":"https:\/\/skromanija.com\/en\/ibu-zagledana-u-uzbudljivu-buducnost-na-sastanku-predsjednika-na-30-godisnjicu\/","url":"https:\/\/skromanija.com\/en\/ibu-zagledana-u-uzbudljivu-buducnost-na-sastanku-predsjednika-na-30-godisnjicu\/","name":"IBU zagledana u uzbudljivu budu\u0107nost na sastanku predsjednika na 30. godi\u0161njicu - Nordijski smu\u010darski klub Romanija Pale","isPartOf":{"@id":"https:\/\/skromanija.com\/en\/#website"},"primaryImageOfPage":{"@id":"https:\/\/skromanija.com\/en\/ibu-zagledana-u-uzbudljivu-buducnost-na-sastanku-predsjednika-na-30-godisnjicu\/#primaryimage"},"image":{"@id":"https:\/\/skromanija.com\/en\/ibu-zagledana-u-uzbudljivu-buducnost-na-sastanku-predsjednika-na-30-godisnjicu\/#primaryimage"},"thumbnailUrl":"https:\/\/skromanija.com\/wp-content\/uploads\/2023\/07\/ibu.jpg","datePublished":"2023-07-03T15:41:15+00:00","dateModified":"2023-07-25T12:07:16+00:00","breadcrumb":{"@id":"https:\/\/skromanija.com\/en\/ibu-zagledana-u-uzbudljivu-buducnost-na-sastanku-predsjednika-na-30-godisnjicu\/#breadcrumb"},"inLanguage":"en-US","potentialAction":[{"@type":"ReadAction","target":[["https:\/\/skromanija.com\/en\/ibu-zagledana-u-uzbudljivu-buducnost-na-sastanku-predsjednika-na-30-godisnjicu\/"]]}]},{"@type":"ImageObject","inLanguage":"en-US","@id":"https:\/\/skromanija.com\/en\/ibu-zagledana-u-uzbudljivu-buducnost-na-sastanku-predsjednika-na-30-godisnjicu\/#primaryimage","url":"https:\/\/skromanija.com\/wp-content\/uploads\/2023\/07\/ibu.jpg","contentUrl":"https:\/\/skromanija.com\/wp-content\/uploads\/2023\/07\/ibu.jpg","width":1600,"height":1200},{"@type":"BreadcrumbList","@id":"https:\/\/skromanija.com\/en\/ibu-zagledana-u-uzbudljivu-buducnost-na-sastanku-predsjednika-na-30-godisnjicu\/#breadcrumb","itemListElement":[{"@type":"ListItem","position":1,"name":"Home","item":"https:\/\/skromanija.com\/en\/"},{"@type":"ListItem","position":2,"name":"IBU zagledana u uzbudljivu budu\u0107nost na sastanku predsjednika na 30. godi\u0161njicu"}]},{"@type":"WebSite","@id":"https:\/\/skromanija.com\/en\/#website","url":"https:\/\/skromanija.com\/en\/","name":"Nordijski smu\u010darski klub Romanija Pale","description":"Nordic ski team","publisher":{"@id":"https:\/\/skromanija.com\/en\/#organization"},"potentialAction":[{"@type":"SearchAction","target":{"@type":"EntryPoint","urlTemplate":"https:\/\/skromanija.com\/en\/?s={search_term_string}"},"query-input":{"@type":"PropertyValueSpecification","valueRequired":true,"valueName":"search_term_string"}}],"inLanguage":"en-US"},{"@type":"Organization","@id":"https:\/\/skromanija.com\/en\/#organization","name":"Nordijski smu\u010darski klub Romanija Pale","url":"https:\/\/skromanija.com\/en\/","logo":{"@type":"ImageObject","inLanguage":"en-US","@id":"https:\/\/skromanija.com\/en\/#\/schema\/logo\/image\/","url":"https:\/\/skromanija.com\/wp-content\/uploads\/2023\/05\/sklogo.png","contentUrl":"https:\/\/skromanija.com\/wp-content\/uploads\/2023\/05\/sklogo.png","width":558,"height":508,"caption":"Nordijski smu\u010darski klub Romanija Pale"},"image":{"@id":"https:\/\/skromanija.com\/en\/#\/schema\/logo\/image\/"}},{"@type":"Person","@id":"https:\/\/skromanija.com\/#\/schema\/person\/a9e1a1196dc06e040729da126c5a52ab","name":"RomSKus","sameAs":["http:\/\/skromanija.com"],"url":"https:\/\/skromanija.com\/en\/author\/romskus\/"}]}},"_links":{"self":[{"href":"https:\/\/skromanija.com\/en\/wp-json\/wp\/v2\/posts\/2845","targetHints":{"allow":["GET"]}}],"collection":[{"href":"https:\/\/skromanija.com\/en\/wp-json\/wp\/v2\/posts"}],"about":[{"href":"https:\/\/skromanija.com\/en\/wp-json\/wp\/v2\/types\/post"}],"author":[{"embeddable":true,"href":"https:\/\/skromanija.com\/en\/wp-json\/wp\/v2\/users\/1"}],"replies":[{"embeddable":true,"href":"https:\/\/skromanija.com\/en\/wp-json\/wp\/v2\/comments?post=2845"}],"version-history":[{"count":7,"href":"https:\/\/skromanija.com\/en\/wp-json\/wp\/v2\/posts\/2845\/revisions"}],"predecessor-version":[{"id":2896,"href":"https:\/\/skromanija.com\/en\/wp-json\/wp\/v2\/posts\/2845\/revisions\/2896"}],"wp:featuredmedia":[{"embeddable":true,"href":"https:\/\/skromanija.com\/en\/wp-json\/wp\/v2\/media\/2851"}],"wp:attachment":[{"href":"https:\/\/skromanija.com\/en\/wp-json\/wp\/v2\/media?parent=2845"}],"wp:term":[{"taxonomy":"category","embeddable":true,"href":"https:\/\/skromanija.com\/en\/wp-json\/wp\/v2\/categories?post=2845"},{"taxonomy":"post_tag","embeddable":true,"href":"https:\/\/skromanija.com\/en\/wp-json\/wp\/v2\/tags?post=2845"}],"curies":[{"name":"wp","href":"https:\/\/api.w.org\/{rel}","templated":true}]}}