{"id":2974,"date":"2023-07-29T20:11:56","date_gmt":"2023-07-29T19:11:56","guid":{"rendered":"https:\/\/skromanija.com\/?p=2974"},"modified":"2023-07-31T13:05:18","modified_gmt":"2023-07-31T12:05:18","slug":"takmicar-smucarskog-kluba-romanija-pale-pobijedio-na-jahorina-ultra-trail-mini","status":"publish","type":"post","link":"https:\/\/skromanija.com\/en\/takmicar-smucarskog-kluba-romanija-pale-pobijedio-na-jahorina-ultra-trail-mini\/","title":{"rendered":"Takmi\u010dar smu\u010darskog kluba &#8220;Romanija&#8221; Pale pobijedio na Jahorina ultra trail-Mini"},"content":{"rendered":"<p>Takmi\u010dar nordijskog smu\u010darskog kluba &#8220;Romanija&#8221; Pale, Boris STanojevi\u0107 je zauzeo prvo mjesto od 125 takmi\u010dara na Jahorina ultra trail -Mini trci od 10 km. Po njegovim rije\u010dima staza je bila veoma te\u0161ka zbog blata i mokre trave, kao i konkurencije, tim prije je zadovoljstvo bilo ve\u0107e pobijediti u trci savladav\u0161i sve prepreke.<\/p>\n<p>\u010cestitamo Borisu na ostvarenom uspjehu!<\/p>\n<p>https:\/\/www.jahorinatrail.com\/bs\/mini<\/p>\n<p>Opis trke<\/p>\n<p class=\"font_7 wixui-rich-text__text\"><span class=\"wixui-rich-text__text\"><span class=\"color_17 wixui-rich-text__text\">MINI trka je na\u0161 mali dragulj. Namijenjena je porodicama i rekreativcima, odosno, ljudima koji &#8220;nemaju puno kilometara pod pasom&#8221;, ali ipak \u017eele osjetiti uzbu\u0111enje staze. Iako je najlak\u0161a trka Jahorina Ultra trail spektakla, ne nosi ni\u0161ta manje atraktivnosti u odnosu na druge staze, ali predstavlja savr\u0161en izbor za trka\u010de koji se tek upoznaju sa trail tr\u010danjem. Iako su trka\u010di\u00a0\u00a0navikli\u00a0 da MINI itde utabanim stazama, ovaj put smo\u00a0 dodali neke nove, neotkrivene puteljke.<\/span><\/span><\/p>\n<p class=\"font_7 wixui-rich-text__text\"><span class=\"wixui-rich-text__text\"><span class=\"color_17 wixui-rich-text__text\">\u200b<\/span><\/span><span class=\"wixui-rich-text__text\"><span class=\"color_17 wixui-rich-text__text\">Start trke je kod hotela Rajska Dolina, odakle se trka\u010di laganim \u0161umskim putevima penju do grebena Kalajd\u017ein Kamen. Sa ovog grebena, trka\u010di se mogu diviti prekrasnim pogledima na Jahorinu i okolne vrhove. Staza vodi trka\u010de kroz \u0161umovitu markiranu stazu do osvje\u017eenja na Kadinom vrelu. Dalje, trka\u010di nastavljaju du\u017e predivnog grebena ka Bijelim Stenama, i preko Dugog Polja, vra\u0107aju se nazad do cilja. Iako je ova trka idealna za po\u010detnike, nikako je ne treba potcijeniti &#8211; izazov je uvijek tu. Ova trka je kru\u017ena \u0161umska tura sa prekrasnim vidikovcima, gustim \u0161umama i potocima, pru\u017eaju\u0107i trka\u010dima jedinstveno iskustvo tr\u010danja u prirodi.\u200b<\/span><\/span><\/p>\n<p class=\"font_7 wixui-rich-text__text\"><span class=\"wixui-rich-text__text\"><span class=\"color_17 wixui-rich-text__text\">\u200b<\/span><\/span><span class=\"wixui-rich-text__text\"><span class=\"color_17 wixui-rich-text__text\">\u200bO\u010dekuje vas fantasti\u010dna trka, impozantna priroda, mnogobrojni vidikovci sa bo\u017eanstvenim pogledom na okolne planine i jo\u0161 mnogo nezaboravne zabave!\u200b<\/span><\/span><\/p>\n<p><img loading=\"lazy\" decoding=\"async\" class=\"alignnone size-large wp-image-2978\" src=\"https:\/\/skromanija.com\/wp-content\/uploads\/2023\/07\/b2-1024x903.jpg\" alt=\"\" width=\"1024\" height=\"903\" srcset=\"https:\/\/skromanija.com\/wp-content\/uploads\/2023\/07\/b2-1024x903.jpg 1024w, https:\/\/skromanija.com\/wp-content\/uploads\/2023\/07\/b2-300x264.jpg 300w, https:\/\/skromanija.com\/wp-content\/uploads\/2023\/07\/b2-768x677.jpg 768w, https:\/\/skromanija.com\/wp-content\/uploads\/2023\/07\/b2-128x113.jpg 128w, https:\/\/skromanija.com\/wp-content\/uploads\/2023\/07\/b2-32x28.jpg 32w, https:\/\/skromanija.com\/wp-content\/uploads\/2023\/07\/b2-390x345.jpg 390w, https:\/\/skromanija.com\/wp-content\/uploads\/2023\/07\/b2-98x86.jpg 98w, https:\/\/skromanija.com\/wp-content\/uploads\/2023\/07\/b2.jpg 1080w\" sizes=\"auto, (max-width: 1024px) 100vw, 1024px\" \/><\/p>\n","protected":false},"excerpt":{"rendered":"<p>Takmi\u010dar nordijskog smu\u010darskog kluba &#8220;Romanija&#8221; Pale, Boris STanojevi\u0107 je zauzeo prvo mjesto od 125 takmi\u010dara na Jahorina ultra trail -Mini trci od 10 km. Po njegovim rije\u010dima staza je bila&#8230;<\/p>\n","protected":false},"author":1,"featured_media":2977,"comment_status":"closed","ping_status":"closed","sticky":false,"template":"","format":"standard","meta":{"footnotes":""},"categories":[67],"tags":[],"class_list":["post-2974","post","type-post","status-publish","format-standard","has-post-thumbnail","hentry","category-novosti"],"yoast_head":"<!-- This site is optimized with the Yoast SEO plugin v27.5 - https:\/\/yoast.com\/product\/yoast-seo-wordpress\/ -->\n<title>Takmi\u010dar smu\u010darskog kluba &quot;Romanija&quot; Pale pobijedio na Jahorina ultra trail-Mini - Nordijski smu\u010darski klub Romanija Pale<\/title>\n<meta name=\"robots\" content=\"index, follow, max-snippet:-1, max-image-preview:large, max-video-preview:-1\" \/>\n<link rel=\"canonical\" href=\"https:\/\/skromanija.com\/en\/takmicar-smucarskog-kluba-romanija-pale-pobijedio-na-jahorina-ultra-trail-mini\/\" \/>\n<meta property=\"og:locale\" content=\"en_US\" \/>\n<meta property=\"og:type\" content=\"article\" \/>\n<meta property=\"og:title\" content=\"Takmi\u010dar smu\u010darskog kluba &quot;Romanija&quot; Pale pobijedio na Jahorina ultra trail-Mini - Nordijski smu\u010darski klub Romanija Pale\" \/>\n<meta property=\"og:description\" content=\"Takmi\u010dar nordijskog smu\u010darskog kluba &#8220;Romanija&#8221; Pale, Boris STanojevi\u0107 je zauzeo prvo mjesto od 125 takmi\u010dara na Jahorina ultra trail -Mini trci od 10 km. Po njegovim rije\u010dima staza je bila...\" \/>\n<meta property=\"og:url\" content=\"https:\/\/skromanija.com\/en\/takmicar-smucarskog-kluba-romanija-pale-pobijedio-na-jahorina-ultra-trail-mini\/\" \/>\n<meta property=\"og:site_name\" content=\"Nordijski smu\u010darski klub Romanija Pale\" \/>\n<meta property=\"article:published_time\" content=\"2023-07-29T19:11:56+00:00\" \/>\n<meta property=\"article:modified_time\" content=\"2023-07-31T12:05:18+00:00\" \/>\n<meta property=\"og:image\" content=\"https:\/\/skromanija.com\/wp-content\/uploads\/2023\/07\/b1.jpg\" \/>\n\t<meta property=\"og:image:width\" content=\"1080\" \/>\n\t<meta property=\"og:image:height\" content=\"839\" \/>\n\t<meta property=\"og:image:type\" content=\"image\/jpeg\" \/>\n<meta name=\"author\" content=\"RomSKus\" \/>\n<meta name=\"twitter:card\" content=\"summary_large_image\" \/>\n<meta name=\"twitter:label1\" content=\"Written by\" \/>\n\t<meta name=\"twitter:data1\" content=\"RomSKus\" \/>\n\t<meta name=\"twitter:label2\" content=\"Est. reading time\" \/>\n\t<meta name=\"twitter:data2\" content=\"1 minute\" \/>\n<script type=\"application\/ld+json\" class=\"yoast-schema-graph\">{\"@context\":\"https:\\\/\\\/schema.org\",\"@graph\":[{\"@type\":\"Article\",\"@id\":\"https:\\\/\\\/skromanija.com\\\/en\\\/takmicar-smucarskog-kluba-romanija-pale-pobijedio-na-jahorina-ultra-trail-mini\\\/#article\",\"isPartOf\":{\"@id\":\"https:\\\/\\\/skromanija.com\\\/en\\\/takmicar-smucarskog-kluba-romanija-pale-pobijedio-na-jahorina-ultra-trail-mini\\\/\"},\"author\":{\"name\":\"RomSKus\",\"@id\":\"https:\\\/\\\/skromanija.com\\\/#\\\/schema\\\/person\\\/a9e1a1196dc06e040729da126c5a52ab\"},\"headline\":\"Takmi\u010dar smu\u010darskog kluba &#8220;Romanija&#8221; Pale pobijedio na Jahorina ultra trail-Mini\",\"datePublished\":\"2023-07-29T19:11:56+00:00\",\"dateModified\":\"2023-07-31T12:05:18+00:00\",\"mainEntityOfPage\":{\"@id\":\"https:\\\/\\\/skromanija.com\\\/en\\\/takmicar-smucarskog-kluba-romanija-pale-pobijedio-na-jahorina-ultra-trail-mini\\\/\"},\"wordCount\":296,\"publisher\":{\"@id\":\"https:\\\/\\\/skromanija.com\\\/#organization\"},\"image\":{\"@id\":\"https:\\\/\\\/skromanija.com\\\/en\\\/takmicar-smucarskog-kluba-romanija-pale-pobijedio-na-jahorina-ultra-trail-mini\\\/#primaryimage\"},\"thumbnailUrl\":\"https:\\\/\\\/skromanija.com\\\/wp-content\\\/uploads\\\/2023\\\/07\\\/b1.jpg\",\"articleSection\":[\"Novosti\"],\"inLanguage\":\"en-US\"},{\"@type\":\"WebPage\",\"@id\":\"https:\\\/\\\/skromanija.com\\\/en\\\/takmicar-smucarskog-kluba-romanija-pale-pobijedio-na-jahorina-ultra-trail-mini\\\/\",\"url\":\"https:\\\/\\\/skromanija.com\\\/en\\\/takmicar-smucarskog-kluba-romanija-pale-pobijedio-na-jahorina-ultra-trail-mini\\\/\",\"name\":\"Takmi\u010dar smu\u010darskog kluba \\\"Romanija\\\" Pale pobijedio na Jahorina ultra trail-Mini - Nordijski smu\u010darski klub Romanija Pale\",\"isPartOf\":{\"@id\":\"https:\\\/\\\/skromanija.com\\\/en\\\/#website\"},\"primaryImageOfPage\":{\"@id\":\"https:\\\/\\\/skromanija.com\\\/en\\\/takmicar-smucarskog-kluba-romanija-pale-pobijedio-na-jahorina-ultra-trail-mini\\\/#primaryimage\"},\"image\":{\"@id\":\"https:\\\/\\\/skromanija.com\\\/en\\\/takmicar-smucarskog-kluba-romanija-pale-pobijedio-na-jahorina-ultra-trail-mini\\\/#primaryimage\"},\"thumbnailUrl\":\"https:\\\/\\\/skromanija.com\\\/wp-content\\\/uploads\\\/2023\\\/07\\\/b1.jpg\",\"datePublished\":\"2023-07-29T19:11:56+00:00\",\"dateModified\":\"2023-07-31T12:05:18+00:00\",\"breadcrumb\":{\"@id\":\"https:\\\/\\\/skromanija.com\\\/en\\\/takmicar-smucarskog-kluba-romanija-pale-pobijedio-na-jahorina-ultra-trail-mini\\\/#breadcrumb\"},\"inLanguage\":\"en-US\",\"potentialAction\":[{\"@type\":\"ReadAction\",\"target\":[[\"https:\\\/\\\/skromanija.com\\\/en\\\/takmicar-smucarskog-kluba-romanija-pale-pobijedio-na-jahorina-ultra-trail-mini\\\/\"]]}]},{\"@type\":\"ImageObject\",\"inLanguage\":\"en-US\",\"@id\":\"https:\\\/\\\/skromanija.com\\\/en\\\/takmicar-smucarskog-kluba-romanija-pale-pobijedio-na-jahorina-ultra-trail-mini\\\/#primaryimage\",\"url\":\"https:\\\/\\\/skromanija.com\\\/wp-content\\\/uploads\\\/2023\\\/07\\\/b1.jpg\",\"contentUrl\":\"https:\\\/\\\/skromanija.com\\\/wp-content\\\/uploads\\\/2023\\\/07\\\/b1.jpg\",\"width\":1080,\"height\":839},{\"@type\":\"BreadcrumbList\",\"@id\":\"https:\\\/\\\/skromanija.com\\\/en\\\/takmicar-smucarskog-kluba-romanija-pale-pobijedio-na-jahorina-ultra-trail-mini\\\/#breadcrumb\",\"itemListElement\":[{\"@type\":\"ListItem\",\"position\":1,\"name\":\"Home\",\"item\":\"https:\\\/\\\/skromanija.com\\\/en\\\/\"},{\"@type\":\"ListItem\",\"position\":2,\"name\":\"Takmi\u010dar smu\u010darskog kluba &#8220;Romanija&#8221; Pale pobijedio na Jahorina ultra trail-Mini\"}]},{\"@type\":\"WebSite\",\"@id\":\"https:\\\/\\\/skromanija.com\\\/en\\\/#website\",\"url\":\"https:\\\/\\\/skromanija.com\\\/en\\\/\",\"name\":\"Nordijski smu\u010darski klub Romanija Pale\",\"description\":\"Nordic ski team\",\"publisher\":{\"@id\":\"https:\\\/\\\/skromanija.com\\\/en\\\/#organization\"},\"potentialAction\":[{\"@type\":\"SearchAction\",\"target\":{\"@type\":\"EntryPoint\",\"urlTemplate\":\"https:\\\/\\\/skromanija.com\\\/en\\\/?s={search_term_string}\"},\"query-input\":{\"@type\":\"PropertyValueSpecification\",\"valueRequired\":true,\"valueName\":\"search_term_string\"}}],\"inLanguage\":\"en-US\"},{\"@type\":\"Organization\",\"@id\":\"https:\\\/\\\/skromanija.com\\\/en\\\/#organization\",\"name\":\"Nordijski smu\u010darski klub Romanija Pale\",\"url\":\"https:\\\/\\\/skromanija.com\\\/en\\\/\",\"logo\":{\"@type\":\"ImageObject\",\"inLanguage\":\"en-US\",\"@id\":\"https:\\\/\\\/skromanija.com\\\/en\\\/#\\\/schema\\\/logo\\\/image\\\/\",\"url\":\"https:\\\/\\\/skromanija.com\\\/wp-content\\\/uploads\\\/2023\\\/05\\\/sklogo.png\",\"contentUrl\":\"https:\\\/\\\/skromanija.com\\\/wp-content\\\/uploads\\\/2023\\\/05\\\/sklogo.png\",\"width\":558,\"height\":508,\"caption\":\"Nordijski smu\u010darski klub Romanija Pale\"},\"image\":{\"@id\":\"https:\\\/\\\/skromanija.com\\\/en\\\/#\\\/schema\\\/logo\\\/image\\\/\"}},{\"@type\":\"Person\",\"@id\":\"https:\\\/\\\/skromanija.com\\\/#\\\/schema\\\/person\\\/a9e1a1196dc06e040729da126c5a52ab\",\"name\":\"RomSKus\",\"sameAs\":[\"http:\\\/\\\/skromanija.com\"],\"url\":\"https:\\\/\\\/skromanija.com\\\/en\\\/author\\\/romskus\\\/\"}]}<\/script>\n<!-- \/ Yoast SEO plugin. -->","yoast_head_json":{"title":"Takmi\u010dar smu\u010darskog kluba \"Romanija\" Pale pobijedio na Jahorina ultra trail-Mini - Nordijski smu\u010darski klub Romanija Pale","robots":{"index":"index","follow":"follow","max-snippet":"max-snippet:-1","max-image-preview":"max-image-preview:large","max-video-preview":"max-video-preview:-1"},"canonical":"https:\/\/skromanija.com\/en\/takmicar-smucarskog-kluba-romanija-pale-pobijedio-na-jahorina-ultra-trail-mini\/","og_locale":"en_US","og_type":"article","og_title":"Takmi\u010dar smu\u010darskog kluba \"Romanija\" Pale pobijedio na Jahorina ultra trail-Mini - Nordijski smu\u010darski klub Romanija Pale","og_description":"Takmi\u010dar nordijskog smu\u010darskog kluba &#8220;Romanija&#8221; Pale, Boris STanojevi\u0107 je zauzeo prvo mjesto od 125 takmi\u010dara na Jahorina ultra trail -Mini trci od 10 km. Po njegovim rije\u010dima staza je bila...","og_url":"https:\/\/skromanija.com\/en\/takmicar-smucarskog-kluba-romanija-pale-pobijedio-na-jahorina-ultra-trail-mini\/","og_site_name":"Nordijski smu\u010darski klub Romanija Pale","article_published_time":"2023-07-29T19:11:56+00:00","article_modified_time":"2023-07-31T12:05:18+00:00","og_image":[{"width":1080,"height":839,"url":"https:\/\/skromanija.com\/wp-content\/uploads\/2023\/07\/b1.jpg","type":"image\/jpeg"}],"author":"RomSKus","twitter_card":"summary_large_image","twitter_misc":{"Written by":"RomSKus","Est. reading time":"1 minute"},"schema":{"@context":"https:\/\/schema.org","@graph":[{"@type":"Article","@id":"https:\/\/skromanija.com\/en\/takmicar-smucarskog-kluba-romanija-pale-pobijedio-na-jahorina-ultra-trail-mini\/#article","isPartOf":{"@id":"https:\/\/skromanija.com\/en\/takmicar-smucarskog-kluba-romanija-pale-pobijedio-na-jahorina-ultra-trail-mini\/"},"author":{"name":"RomSKus","@id":"https:\/\/skromanija.com\/#\/schema\/person\/a9e1a1196dc06e040729da126c5a52ab"},"headline":"Takmi\u010dar smu\u010darskog kluba &#8220;Romanija&#8221; Pale pobijedio na Jahorina ultra trail-Mini","datePublished":"2023-07-29T19:11:56+00:00","dateModified":"2023-07-31T12:05:18+00:00","mainEntityOfPage":{"@id":"https:\/\/skromanija.com\/en\/takmicar-smucarskog-kluba-romanija-pale-pobijedio-na-jahorina-ultra-trail-mini\/"},"wordCount":296,"publisher":{"@id":"https:\/\/skromanija.com\/#organization"},"image":{"@id":"https:\/\/skromanija.com\/en\/takmicar-smucarskog-kluba-romanija-pale-pobijedio-na-jahorina-ultra-trail-mini\/#primaryimage"},"thumbnailUrl":"https:\/\/skromanija.com\/wp-content\/uploads\/2023\/07\/b1.jpg","articleSection":["Novosti"],"inLanguage":"en-US"},{"@type":"WebPage","@id":"https:\/\/skromanija.com\/en\/takmicar-smucarskog-kluba-romanija-pale-pobijedio-na-jahorina-ultra-trail-mini\/","url":"https:\/\/skromanija.com\/en\/takmicar-smucarskog-kluba-romanija-pale-pobijedio-na-jahorina-ultra-trail-mini\/","name":"Takmi\u010dar smu\u010darskog kluba \"Romanija\" Pale pobijedio na Jahorina ultra trail-Mini - Nordijski smu\u010darski klub Romanija Pale","isPartOf":{"@id":"https:\/\/skromanija.com\/en\/#website"},"primaryImageOfPage":{"@id":"https:\/\/skromanija.com\/en\/takmicar-smucarskog-kluba-romanija-pale-pobijedio-na-jahorina-ultra-trail-mini\/#primaryimage"},"image":{"@id":"https:\/\/skromanija.com\/en\/takmicar-smucarskog-kluba-romanija-pale-pobijedio-na-jahorina-ultra-trail-mini\/#primaryimage"},"thumbnailUrl":"https:\/\/skromanija.com\/wp-content\/uploads\/2023\/07\/b1.jpg","datePublished":"2023-07-29T19:11:56+00:00","dateModified":"2023-07-31T12:05:18+00:00","breadcrumb":{"@id":"https:\/\/skromanija.com\/en\/takmicar-smucarskog-kluba-romanija-pale-pobijedio-na-jahorina-ultra-trail-mini\/#breadcrumb"},"inLanguage":"en-US","potentialAction":[{"@type":"ReadAction","target":[["https:\/\/skromanija.com\/en\/takmicar-smucarskog-kluba-romanija-pale-pobijedio-na-jahorina-ultra-trail-mini\/"]]}]},{"@type":"ImageObject","inLanguage":"en-US","@id":"https:\/\/skromanija.com\/en\/takmicar-smucarskog-kluba-romanija-pale-pobijedio-na-jahorina-ultra-trail-mini\/#primaryimage","url":"https:\/\/skromanija.com\/wp-content\/uploads\/2023\/07\/b1.jpg","contentUrl":"https:\/\/skromanija.com\/wp-content\/uploads\/2023\/07\/b1.jpg","width":1080,"height":839},{"@type":"BreadcrumbList","@id":"https:\/\/skromanija.com\/en\/takmicar-smucarskog-kluba-romanija-pale-pobijedio-na-jahorina-ultra-trail-mini\/#breadcrumb","itemListElement":[{"@type":"ListItem","position":1,"name":"Home","item":"https:\/\/skromanija.com\/en\/"},{"@type":"ListItem","position":2,"name":"Takmi\u010dar smu\u010darskog kluba &#8220;Romanija&#8221; Pale pobijedio na Jahorina ultra trail-Mini"}]},{"@type":"WebSite","@id":"https:\/\/skromanija.com\/en\/#website","url":"https:\/\/skromanija.com\/en\/","name":"Nordijski smu\u010darski klub Romanija Pale","description":"Nordic ski team","publisher":{"@id":"https:\/\/skromanija.com\/en\/#organization"},"potentialAction":[{"@type":"SearchAction","target":{"@type":"EntryPoint","urlTemplate":"https:\/\/skromanija.com\/en\/?s={search_term_string}"},"query-input":{"@type":"PropertyValueSpecification","valueRequired":true,"valueName":"search_term_string"}}],"inLanguage":"en-US"},{"@type":"Organization","@id":"https:\/\/skromanija.com\/en\/#organization","name":"Nordijski smu\u010darski klub Romanija Pale","url":"https:\/\/skromanija.com\/en\/","logo":{"@type":"ImageObject","inLanguage":"en-US","@id":"https:\/\/skromanija.com\/en\/#\/schema\/logo\/image\/","url":"https:\/\/skromanija.com\/wp-content\/uploads\/2023\/05\/sklogo.png","contentUrl":"https:\/\/skromanija.com\/wp-content\/uploads\/2023\/05\/sklogo.png","width":558,"height":508,"caption":"Nordijski smu\u010darski klub Romanija Pale"},"image":{"@id":"https:\/\/skromanija.com\/en\/#\/schema\/logo\/image\/"}},{"@type":"Person","@id":"https:\/\/skromanija.com\/#\/schema\/person\/a9e1a1196dc06e040729da126c5a52ab","name":"RomSKus","sameAs":["http:\/\/skromanija.com"],"url":"https:\/\/skromanija.com\/en\/author\/romskus\/"}]}},"_links":{"self":[{"href":"https:\/\/skromanija.com\/en\/wp-json\/wp\/v2\/posts\/2974","targetHints":{"allow":["GET"]}}],"collection":[{"href":"https:\/\/skromanija.com\/en\/wp-json\/wp\/v2\/posts"}],"about":[{"href":"https:\/\/skromanija.com\/en\/wp-json\/wp\/v2\/types\/post"}],"author":[{"embeddable":true,"href":"https:\/\/skromanija.com\/en\/wp-json\/wp\/v2\/users\/1"}],"replies":[{"embeddable":true,"href":"https:\/\/skromanija.com\/en\/wp-json\/wp\/v2\/comments?post=2974"}],"version-history":[{"count":2,"href":"https:\/\/skromanija.com\/en\/wp-json\/wp\/v2\/posts\/2974\/revisions"}],"predecessor-version":[{"id":2979,"href":"https:\/\/skromanija.com\/en\/wp-json\/wp\/v2\/posts\/2974\/revisions\/2979"}],"wp:featuredmedia":[{"embeddable":true,"href":"https:\/\/skromanija.com\/en\/wp-json\/wp\/v2\/media\/2977"}],"wp:attachment":[{"href":"https:\/\/skromanija.com\/en\/wp-json\/wp\/v2\/media?parent=2974"}],"wp:term":[{"taxonomy":"category","embeddable":true,"href":"https:\/\/skromanija.com\/en\/wp-json\/wp\/v2\/categories?post=2974"},{"taxonomy":"post_tag","embeddable":true,"href":"https:\/\/skromanija.com\/en\/wp-json\/wp\/v2\/tags?post=2974"}],"curies":[{"name":"wp","href":"https:\/\/api.w.org\/{rel}","templated":true}]}}