{"id":3168,"date":"2023-11-06T15:09:27","date_gmt":"2023-11-06T14:09:27","guid":{"rendered":"https:\/\/skromanija.com\/?p=3168"},"modified":"2023-11-06T15:09:27","modified_gmt":"2023-11-06T14:09:27","slug":"vukovic-radim-na-tome-da-donesem-prvu-medalju-u-zimskim-sportovima-u-bih","status":"publish","type":"post","link":"https:\/\/skromanija.com\/en\/vukovic-radim-na-tome-da-donesem-prvu-medalju-u-zimskim-sportovima-u-bih\/","title":{"rendered":"Vukovi\u0107: Radim na tome da donesem prvu medalju u zimskim sportovima u BiH"},"content":{"rendered":"<p>Vukovi\u0107 je u ljeto ove godine krenuo sa ja\u010dim trening programom te se oprobao i u planinskom tr\u010danju.<br \/>\nPi\u0161e redbull.ba<\/p>\n<div class=\"inline-content__item inline-content__item--paragraph inline-content__item--composable-text\">\n<div class=\"inline-paragraph\"><span class=\"inline-paragraph__text\">Aleksa Vukovi\u0107 je jedan od najperspektivnijih bh. sportista. \u010clan je Smu\u010darskog kluba Romanija sa Pala i reprezentativac BiH u biatlonu. U dosada\u0161njim nastupima pokazao je veliki potencijal u testovima izdr\u017eljivosti, ali i rezultatima gdje je nekoliko puta postao dr\u017eavni prvak. Poseban dojam ostavio je na takmi\u010denju Red\u00a0Bull utrke na 400 metara koja je ljetos odr\u017eana na Igmanu gdje u te\u0161kim uslovima i velikoj konkurenciji sa lako\u0107om dotakao vrh. U razgovoru za Redbull.ba Vukovi\u0107 je govorio o svojim po\u010decima, Olimpijskim igrama, planovima za budu\u0107nost.<\/span><\/div>\n<\/div>\n<div class=\"inline-content__item inline-content__item--paragraph inline-content__item--composable-text\">\n<div class=\"inline-paragraph\"><span class=\"inline-paragraph__text\">Na po\u010detku je naglasio kako je po\u010dela cijela pri\u010da:<\/span><\/div>\n<\/div>\n<div class=\"inline-content__item inline-content__item--paragraph inline-content__item--composable-text\">\n<div class=\"inline-paragraph\"><span class=\"inline-paragraph__text\">&#8221;Treniram najte\u017ei zimski sport koji se zove &#8211; biatlon. Od samog po\u010detka moje karijere trening sam shvatao ozbiljno tako da sam se brzo navikao na te\u017eak sistem treninga te sam brzo napredovao u odnosu na ostale sportiste. Ljubav prema biatlonu se rodila iz ljubavi prema prirodi i ambijentu u kome provodim mnogo vremena. Moja inspiracija je u slobodi i energiji koju pronalazim u svom sportu. \u010clan sam smu\u010darskog kluba Romanija Pale kao i \u010dlan reprezentacije Bosne i Hercegovine. Nakon po\u010detka treniranja brzo se po\u010dinjem pojavljivati na postoljima dr\u017eavnih prvenstava, te ulazim u juniorsku reprezentaciju i prve sezone se plasiram na EYOF 2019. u Sarajevu i Svjetsko juniorsko prventsvo u Slova\u010dkoj. Tu se pokazujem kao jedan od boljih kadetskih strijelaca u svijetu, ali zbog nedovoljno dobre fizi\u010dke kondicije ne uspjevam da napravim zapa\u017een rezultat. Ipak, posti\u017eem li\u010dnu i nacionalnu normu za Olimpijske igre mladih u \u0160vajcarskoj&#8221;.<\/span><\/div>\n<\/div>\n<div class=\"inline-content__item inline-content__item--paragraph inline-content__item--composable-text\">\n<div class=\"inline-paragraph\"><span class=\"inline-paragraph__text\">Dodaje kako je u sezoni 2019\/2020 glavni fokus je bio na pripremi za Olimpijske igre.<\/span><\/div>\n<\/div>\n<div class=\"inline-content__item inline-content__item--paragraph inline-content__item--composable-text inline-content__item--composable-text-end\">\n<div class=\"inline-paragraph\"><span class=\"inline-paragraph__text\">&#8221;Prije toga na prvenstvu Balkana uzimam srebrenu medalju. Na samim Olimpijskim igrama sam imao dosta dobru mentalnu pripremu gdje uprkos pritisku od 20 metaka u trci individuala poga\u0111am 17, uz dosta sna\u017eno skijanje plasiram se na 26. mjesto od 98. takmi\u010dara \u0161to je do sad najbolji rezultat Bosne i Hercegovine u nordijskim sportovima ikada. Na trci sprinta u mojoj ja\u010doj disciplini plan je bio napasti medalju, ali zbog nesre\u0107e na stazi i loma pu\u0161ke nisam uspio da zavr\u0161im trku gdje moja velika \u0161ansa da proslavim svoju zemlju, ostaje neiskori\u0161tena. Nakon toga se vra\u0107am u BiH i osvajam dr\u017eavno prvenstvo po tre\u0107i put uzastopno&#8221;.<\/span><\/div>\n<\/div>\n<div class=\"inline-content__item inline-content__item--medium-image inline-content__item--landscape-image\">\n<figure class=\"inline-image inline-image--landscape inline-image--medium\">\n<div class=\"inline-image__image\">\n<div class=\"inline-image__lightbox\"><\/div>\n<div class=\"inline-image__image-view-wrapper\">\n<div class=\"image-view image-view--fixed-ratio\">\n<div class=\"image-view__container\"><img decoding=\"async\" class=\"image-view__content\" title=\"Aleksa Vukovi\u0107\" src=\"https:\/\/img.redbull.com\/images\/c_fill,g_auto,w_1380,h_1035\/q_auto,f_auto\/redbullcom\/2021\/12\/31\/r2u3e6yoqboi3brustfa\/aleksa-vukovic\" alt=\"Aleksa Vukovi\u0107\" data-id=\"rrn:content:images:ab6d7b41-8c20-4abd-bd45-25aa0f4015fd:bs-BA\" \/><\/div>\n<\/div>\n<\/div>\n<\/div><figcaption class=\"inline-image__description\">\n<div class=\"inline-image__caption\">\n<p class=\"cosmos-text cosmos-text--spacing-none cosmos-text--kind-normal cosmos-text--weight-regular cosmos-text--appearance-dark cosmos-text--size-xx-small@small cosmos-text--size-small@large\">Aleksa Vukovi\u0107<\/p>\n<p class=\"cosmos-text cosmos-text--spacing-none cosmos-text--kind-subtle cosmos-text--weight-regular cosmos-text--appearance-dark cosmos-text--size-xx-small\">\u00a9 Privatni album, ustupljena fotografija<\/p>\n<\/div>\n<\/figcaption><\/figure>\n<\/div>\n<div class=\"inline-content__item inline-content__item--paragraph inline-content__item--composable-text\">\n<div class=\"inline-paragraph\"><span class=\"inline-paragraph__text\">I u narednoj sezoni nastavio je kora\u010dati stazama uspjeha.<\/span><\/div>\n<\/div>\n<div class=\"inline-content__item inline-content__item--paragraph inline-content__item--composable-text\">\n<div class=\"inline-paragraph\"><span class=\"inline-paragraph__text\">&#8221;Uprkos pandemiji i uslovima koji nisu adekvatni u na\u0161oj zemlji, uspjevaju da se odr\u017ee Balkansko regionalno prvenstvo u Srbiji i u BiH gdje osvajam titulu \u0161ampiona. U nastavku sezone odlazim na Svjetsko juniorsko prventsvo i osvajam 42. mjesto od 120 takmi\u010dara gdje postajem 3. najbr\u017ei strijelac svijeta, ali zbog nedostatka priprema i lo\u0161e pripremljenih skija nisam imao \u0161ansu za bolji rezultat pa i medalju za koju sam imao potencijal. Po povratku ponovo pobje\u0111ujem na dr\u017eavnom prvenstvu \u010detvrti put za redom&#8221;, ka\u017ee na\u0161 sagovornik.<\/span><\/div>\n<\/div>\n<div class=\"inline-content__item inline-content__item--paragraph inline-content__item--composable-text\">\n<div class=\"inline-paragraph\"><span class=\"inline-paragraph__text\">Vukovi\u0107 ka\u017ee kako je u ljeto ove godine krenuo sa ja\u010dim trening programom te se oprobao i u planinskom tr\u010danju.<\/span><\/div>\n<\/div>\n<div class=\"inline-content__item inline-content__item--paragraph inline-content__item--composable-text\">\n<div class=\"inline-paragraph\"><span class=\"inline-paragraph__text\">&#8221;Na trail trkama na Jahorini osvajam tre\u0107e, a potom i prvo mjesto. Gdje se nakon toga,uprkos povredi, oprobavam u najte\u017eoj trci na svijetu 400 metara uz skakaonicu na Igmanu i jo\u0161 jednom pokazujem sebi da sam na pravom putu. Red\u00a0Bull takmi\u010denje je ostvilo zna\u010dajan utisak u mojoj karijeri kao nadmetanje u kojem sam iskoristio svoj profesionalni pristup, iako to nije sport kojim se bavim. Uspijevam da se predstavim na vrhunskom nivou i mogu slobodno re\u0107i da je to jedan od najve\u0107ih trijumfa u dosada\u0161njoj karijeri. Prvu zimsku trku u sezoni vozim u Italiju gdje poga\u0111am 19 od 20 metaka i uzimam bodove u ukupnom poretku gdje zauzimam 40. mjesto najboljih juniora svijeta&#8221;, nagla\u0161ava Aleksa.<\/span><\/div>\n<\/div>\n<div class=\"inline-content__item inline-content__item--paragraph inline-content__item--composable-text\">\n<div class=\"inline-paragraph\"><span class=\"inline-paragraph__text\">Na kraju je prezentirao planove za budu\u0107nost.<\/span><\/div>\n<\/div>\n<div class=\"inline-content__item inline-content__item--paragraph inline-content__item--composable-text inline-content__item--composable-text-end\">\n<div class=\"inline-paragraph\"><span class=\"inline-paragraph__text\">&#8221;Moji ciljevi za naredni period su osvajanje jo\u0161 bodova u juniorskim nadmetanjima kao i osvajanje balkanskih \u0161ampionata u Bugarskoj i Rumuniji. Kao dugoro\u010dni plan &#8211; Svjetsko prvenstvo u Estoniji 2023\/2024. Svjestan svojih mogu\u0107nosti ,radim na tome da donesem prvu medalju u zimskim sportovima u Bosnu i Hercegovinu. Nadam se samo zdravlju jer za sve ostalo se mora krvavo raditi. Trenutni uslovi za na\u0161 sport su prili\u010dno neadekvatni radi dosta faktora kao politi\u010dkih, tako i ekonomskih, ali kao i u svakom sportu glavnu \u017ertvu podnose &#8211; sportisti. Ipak, moja vizija je da sa znanjem, iskustvom i stru\u010dnosti koje sti\u010demo mo\u017eemo da podi\u017eemo na\u0161 bh. biatlon na mnogo ve\u0107i nivo&#8221;, zaklju\u010dio je Vukovi\u0107.\u00a0<\/span><\/div>\n<\/div>\n<div><\/div>\n<div>https:\/\/www.redbull.com\/ba-bs\/aleksa-vukovic-intervju<\/div>\n","protected":false},"excerpt":{"rendered":"<p>Vukovi\u0107 je u ljeto ove godine krenuo sa ja\u010dim trening programom te se oprobao i u planinskom tr\u010danju. Pi\u0161e redbull.ba Aleksa Vukovi\u0107 je jedan od najperspektivnijih bh. sportista. \u010clan je&#8230;<\/p>\n","protected":false},"author":1,"featured_media":3169,"comment_status":"closed","ping_status":"closed","sticky":false,"template":"","format":"standard","meta":{"footnotes":""},"categories":[67],"tags":[],"class_list":["post-3168","post","type-post","status-publish","format-standard","has-post-thumbnail","hentry","category-novosti"],"yoast_head":"<!-- This site is optimized with the Yoast SEO plugin v27.5 - https:\/\/yoast.com\/product\/yoast-seo-wordpress\/ -->\n<title>Vukovi\u0107: Radim na tome da donesem prvu medalju u zimskim sportovima u BiH - Nordijski smu\u010darski klub Romanija Pale<\/title>\n<meta name=\"robots\" content=\"index, follow, max-snippet:-1, max-image-preview:large, max-video-preview:-1\" \/>\n<link rel=\"canonical\" href=\"https:\/\/skromanija.com\/en\/vukovic-radim-na-tome-da-donesem-prvu-medalju-u-zimskim-sportovima-u-bih\/\" \/>\n<meta property=\"og:locale\" content=\"en_US\" \/>\n<meta property=\"og:type\" content=\"article\" \/>\n<meta property=\"og:title\" content=\"Vukovi\u0107: Radim na tome da donesem prvu medalju u zimskim sportovima u BiH - Nordijski smu\u010darski klub Romanija Pale\" \/>\n<meta property=\"og:description\" content=\"Vukovi\u0107 je u ljeto ove godine krenuo sa ja\u010dim trening programom te se oprobao i u planinskom tr\u010danju. Pi\u0161e redbull.ba Aleksa Vukovi\u0107 je jedan od najperspektivnijih bh. sportista. \u010clan je...\" \/>\n<meta property=\"og:url\" content=\"https:\/\/skromanija.com\/en\/vukovic-radim-na-tome-da-donesem-prvu-medalju-u-zimskim-sportovima-u-bih\/\" \/>\n<meta property=\"og:site_name\" content=\"Nordijski smu\u010darski klub Romanija Pale\" \/>\n<meta property=\"article:published_time\" content=\"2023-11-06T14:09:27+00:00\" \/>\n<meta property=\"og:image\" content=\"https:\/\/skromanija.com\/wp-content\/uploads\/2023\/11\/images.jpg\" \/>\n\t<meta property=\"og:image:width\" content=\"201\" \/>\n\t<meta property=\"og:image:height\" content=\"251\" \/>\n\t<meta property=\"og:image:type\" content=\"image\/jpeg\" \/>\n<meta name=\"author\" content=\"RomSKus\" \/>\n<meta name=\"twitter:card\" content=\"summary_large_image\" \/>\n<meta name=\"twitter:label1\" content=\"Written by\" \/>\n\t<meta name=\"twitter:data1\" content=\"RomSKus\" \/>\n\t<meta name=\"twitter:label2\" content=\"Est. reading time\" \/>\n\t<meta name=\"twitter:data2\" content=\"5 minutes\" \/>\n<script type=\"application\/ld+json\" class=\"yoast-schema-graph\">{\"@context\":\"https:\\\/\\\/schema.org\",\"@graph\":[{\"@type\":\"Article\",\"@id\":\"https:\\\/\\\/skromanija.com\\\/en\\\/vukovic-radim-na-tome-da-donesem-prvu-medalju-u-zimskim-sportovima-u-bih\\\/#article\",\"isPartOf\":{\"@id\":\"https:\\\/\\\/skromanija.com\\\/en\\\/vukovic-radim-na-tome-da-donesem-prvu-medalju-u-zimskim-sportovima-u-bih\\\/\"},\"author\":{\"name\":\"RomSKus\",\"@id\":\"https:\\\/\\\/skromanija.com\\\/#\\\/schema\\\/person\\\/a9e1a1196dc06e040729da126c5a52ab\"},\"headline\":\"Vukovi\u0107: Radim na tome da donesem prvu medalju u zimskim sportovima u BiH\",\"datePublished\":\"2023-11-06T14:09:27+00:00\",\"mainEntityOfPage\":{\"@id\":\"https:\\\/\\\/skromanija.com\\\/en\\\/vukovic-radim-na-tome-da-donesem-prvu-medalju-u-zimskim-sportovima-u-bih\\\/\"},\"wordCount\":805,\"publisher\":{\"@id\":\"https:\\\/\\\/skromanija.com\\\/#organization\"},\"image\":{\"@id\":\"https:\\\/\\\/skromanija.com\\\/en\\\/vukovic-radim-na-tome-da-donesem-prvu-medalju-u-zimskim-sportovima-u-bih\\\/#primaryimage\"},\"thumbnailUrl\":\"https:\\\/\\\/skromanija.com\\\/wp-content\\\/uploads\\\/2023\\\/11\\\/images.jpg\",\"articleSection\":[\"Novosti\"],\"inLanguage\":\"en-US\"},{\"@type\":\"WebPage\",\"@id\":\"https:\\\/\\\/skromanija.com\\\/en\\\/vukovic-radim-na-tome-da-donesem-prvu-medalju-u-zimskim-sportovima-u-bih\\\/\",\"url\":\"https:\\\/\\\/skromanija.com\\\/en\\\/vukovic-radim-na-tome-da-donesem-prvu-medalju-u-zimskim-sportovima-u-bih\\\/\",\"name\":\"Vukovi\u0107: Radim na tome da donesem prvu medalju u zimskim sportovima u BiH - Nordijski smu\u010darski klub Romanija Pale\",\"isPartOf\":{\"@id\":\"https:\\\/\\\/skromanija.com\\\/en\\\/#website\"},\"primaryImageOfPage\":{\"@id\":\"https:\\\/\\\/skromanija.com\\\/en\\\/vukovic-radim-na-tome-da-donesem-prvu-medalju-u-zimskim-sportovima-u-bih\\\/#primaryimage\"},\"image\":{\"@id\":\"https:\\\/\\\/skromanija.com\\\/en\\\/vukovic-radim-na-tome-da-donesem-prvu-medalju-u-zimskim-sportovima-u-bih\\\/#primaryimage\"},\"thumbnailUrl\":\"https:\\\/\\\/skromanija.com\\\/wp-content\\\/uploads\\\/2023\\\/11\\\/images.jpg\",\"datePublished\":\"2023-11-06T14:09:27+00:00\",\"breadcrumb\":{\"@id\":\"https:\\\/\\\/skromanija.com\\\/en\\\/vukovic-radim-na-tome-da-donesem-prvu-medalju-u-zimskim-sportovima-u-bih\\\/#breadcrumb\"},\"inLanguage\":\"en-US\",\"potentialAction\":[{\"@type\":\"ReadAction\",\"target\":[[\"https:\\\/\\\/skromanija.com\\\/en\\\/vukovic-radim-na-tome-da-donesem-prvu-medalju-u-zimskim-sportovima-u-bih\\\/\"]]}]},{\"@type\":\"ImageObject\",\"inLanguage\":\"en-US\",\"@id\":\"https:\\\/\\\/skromanija.com\\\/en\\\/vukovic-radim-na-tome-da-donesem-prvu-medalju-u-zimskim-sportovima-u-bih\\\/#primaryimage\",\"url\":\"https:\\\/\\\/skromanija.com\\\/wp-content\\\/uploads\\\/2023\\\/11\\\/images.jpg\",\"contentUrl\":\"https:\\\/\\\/skromanija.com\\\/wp-content\\\/uploads\\\/2023\\\/11\\\/images.jpg\",\"width\":201,\"height\":251},{\"@type\":\"BreadcrumbList\",\"@id\":\"https:\\\/\\\/skromanija.com\\\/en\\\/vukovic-radim-na-tome-da-donesem-prvu-medalju-u-zimskim-sportovima-u-bih\\\/#breadcrumb\",\"itemListElement\":[{\"@type\":\"ListItem\",\"position\":1,\"name\":\"Home\",\"item\":\"https:\\\/\\\/skromanija.com\\\/en\\\/\"},{\"@type\":\"ListItem\",\"position\":2,\"name\":\"Vukovi\u0107: Radim na tome da donesem prvu medalju u zimskim sportovima u BiH\"}]},{\"@type\":\"WebSite\",\"@id\":\"https:\\\/\\\/skromanija.com\\\/en\\\/#website\",\"url\":\"https:\\\/\\\/skromanija.com\\\/en\\\/\",\"name\":\"Nordijski smu\u010darski klub Romanija Pale\",\"description\":\"Nordic ski team\",\"publisher\":{\"@id\":\"https:\\\/\\\/skromanija.com\\\/en\\\/#organization\"},\"potentialAction\":[{\"@type\":\"SearchAction\",\"target\":{\"@type\":\"EntryPoint\",\"urlTemplate\":\"https:\\\/\\\/skromanija.com\\\/en\\\/?s={search_term_string}\"},\"query-input\":{\"@type\":\"PropertyValueSpecification\",\"valueRequired\":true,\"valueName\":\"search_term_string\"}}],\"inLanguage\":\"en-US\"},{\"@type\":\"Organization\",\"@id\":\"https:\\\/\\\/skromanija.com\\\/en\\\/#organization\",\"name\":\"Nordijski smu\u010darski klub Romanija Pale\",\"url\":\"https:\\\/\\\/skromanija.com\\\/en\\\/\",\"logo\":{\"@type\":\"ImageObject\",\"inLanguage\":\"en-US\",\"@id\":\"https:\\\/\\\/skromanija.com\\\/en\\\/#\\\/schema\\\/logo\\\/image\\\/\",\"url\":\"https:\\\/\\\/skromanija.com\\\/wp-content\\\/uploads\\\/2023\\\/05\\\/sklogo.png\",\"contentUrl\":\"https:\\\/\\\/skromanija.com\\\/wp-content\\\/uploads\\\/2023\\\/05\\\/sklogo.png\",\"width\":558,\"height\":508,\"caption\":\"Nordijski smu\u010darski klub Romanija Pale\"},\"image\":{\"@id\":\"https:\\\/\\\/skromanija.com\\\/en\\\/#\\\/schema\\\/logo\\\/image\\\/\"}},{\"@type\":\"Person\",\"@id\":\"https:\\\/\\\/skromanija.com\\\/#\\\/schema\\\/person\\\/a9e1a1196dc06e040729da126c5a52ab\",\"name\":\"RomSKus\",\"sameAs\":[\"http:\\\/\\\/skromanija.com\"],\"url\":\"https:\\\/\\\/skromanija.com\\\/en\\\/author\\\/romskus\\\/\"}]}<\/script>\n<!-- \/ Yoast SEO plugin. -->","yoast_head_json":{"title":"Vukovi\u0107: Radim na tome da donesem prvu medalju u zimskim sportovima u BiH - Nordijski smu\u010darski klub Romanija Pale","robots":{"index":"index","follow":"follow","max-snippet":"max-snippet:-1","max-image-preview":"max-image-preview:large","max-video-preview":"max-video-preview:-1"},"canonical":"https:\/\/skromanija.com\/en\/vukovic-radim-na-tome-da-donesem-prvu-medalju-u-zimskim-sportovima-u-bih\/","og_locale":"en_US","og_type":"article","og_title":"Vukovi\u0107: Radim na tome da donesem prvu medalju u zimskim sportovima u BiH - Nordijski smu\u010darski klub Romanija Pale","og_description":"Vukovi\u0107 je u ljeto ove godine krenuo sa ja\u010dim trening programom te se oprobao i u planinskom tr\u010danju. Pi\u0161e redbull.ba Aleksa Vukovi\u0107 je jedan od najperspektivnijih bh. sportista. \u010clan je...","og_url":"https:\/\/skromanija.com\/en\/vukovic-radim-na-tome-da-donesem-prvu-medalju-u-zimskim-sportovima-u-bih\/","og_site_name":"Nordijski smu\u010darski klub Romanija Pale","article_published_time":"2023-11-06T14:09:27+00:00","og_image":[{"width":201,"height":251,"url":"https:\/\/skromanija.com\/wp-content\/uploads\/2023\/11\/images.jpg","type":"image\/jpeg"}],"author":"RomSKus","twitter_card":"summary_large_image","twitter_misc":{"Written by":"RomSKus","Est. reading time":"5 minutes"},"schema":{"@context":"https:\/\/schema.org","@graph":[{"@type":"Article","@id":"https:\/\/skromanija.com\/en\/vukovic-radim-na-tome-da-donesem-prvu-medalju-u-zimskim-sportovima-u-bih\/#article","isPartOf":{"@id":"https:\/\/skromanija.com\/en\/vukovic-radim-na-tome-da-donesem-prvu-medalju-u-zimskim-sportovima-u-bih\/"},"author":{"name":"RomSKus","@id":"https:\/\/skromanija.com\/#\/schema\/person\/a9e1a1196dc06e040729da126c5a52ab"},"headline":"Vukovi\u0107: Radim na tome da donesem prvu medalju u zimskim sportovima u BiH","datePublished":"2023-11-06T14:09:27+00:00","mainEntityOfPage":{"@id":"https:\/\/skromanija.com\/en\/vukovic-radim-na-tome-da-donesem-prvu-medalju-u-zimskim-sportovima-u-bih\/"},"wordCount":805,"publisher":{"@id":"https:\/\/skromanija.com\/#organization"},"image":{"@id":"https:\/\/skromanija.com\/en\/vukovic-radim-na-tome-da-donesem-prvu-medalju-u-zimskim-sportovima-u-bih\/#primaryimage"},"thumbnailUrl":"https:\/\/skromanija.com\/wp-content\/uploads\/2023\/11\/images.jpg","articleSection":["Novosti"],"inLanguage":"en-US"},{"@type":"WebPage","@id":"https:\/\/skromanija.com\/en\/vukovic-radim-na-tome-da-donesem-prvu-medalju-u-zimskim-sportovima-u-bih\/","url":"https:\/\/skromanija.com\/en\/vukovic-radim-na-tome-da-donesem-prvu-medalju-u-zimskim-sportovima-u-bih\/","name":"Vukovi\u0107: Radim na tome da donesem prvu medalju u zimskim sportovima u BiH - Nordijski smu\u010darski klub Romanija Pale","isPartOf":{"@id":"https:\/\/skromanija.com\/en\/#website"},"primaryImageOfPage":{"@id":"https:\/\/skromanija.com\/en\/vukovic-radim-na-tome-da-donesem-prvu-medalju-u-zimskim-sportovima-u-bih\/#primaryimage"},"image":{"@id":"https:\/\/skromanija.com\/en\/vukovic-radim-na-tome-da-donesem-prvu-medalju-u-zimskim-sportovima-u-bih\/#primaryimage"},"thumbnailUrl":"https:\/\/skromanija.com\/wp-content\/uploads\/2023\/11\/images.jpg","datePublished":"2023-11-06T14:09:27+00:00","breadcrumb":{"@id":"https:\/\/skromanija.com\/en\/vukovic-radim-na-tome-da-donesem-prvu-medalju-u-zimskim-sportovima-u-bih\/#breadcrumb"},"inLanguage":"en-US","potentialAction":[{"@type":"ReadAction","target":[["https:\/\/skromanija.com\/en\/vukovic-radim-na-tome-da-donesem-prvu-medalju-u-zimskim-sportovima-u-bih\/"]]}]},{"@type":"ImageObject","inLanguage":"en-US","@id":"https:\/\/skromanija.com\/en\/vukovic-radim-na-tome-da-donesem-prvu-medalju-u-zimskim-sportovima-u-bih\/#primaryimage","url":"https:\/\/skromanija.com\/wp-content\/uploads\/2023\/11\/images.jpg","contentUrl":"https:\/\/skromanija.com\/wp-content\/uploads\/2023\/11\/images.jpg","width":201,"height":251},{"@type":"BreadcrumbList","@id":"https:\/\/skromanija.com\/en\/vukovic-radim-na-tome-da-donesem-prvu-medalju-u-zimskim-sportovima-u-bih\/#breadcrumb","itemListElement":[{"@type":"ListItem","position":1,"name":"Home","item":"https:\/\/skromanija.com\/en\/"},{"@type":"ListItem","position":2,"name":"Vukovi\u0107: Radim na tome da donesem prvu medalju u zimskim sportovima u BiH"}]},{"@type":"WebSite","@id":"https:\/\/skromanija.com\/en\/#website","url":"https:\/\/skromanija.com\/en\/","name":"Nordijski smu\u010darski klub Romanija Pale","description":"Nordic ski team","publisher":{"@id":"https:\/\/skromanija.com\/en\/#organization"},"potentialAction":[{"@type":"SearchAction","target":{"@type":"EntryPoint","urlTemplate":"https:\/\/skromanija.com\/en\/?s={search_term_string}"},"query-input":{"@type":"PropertyValueSpecification","valueRequired":true,"valueName":"search_term_string"}}],"inLanguage":"en-US"},{"@type":"Organization","@id":"https:\/\/skromanija.com\/en\/#organization","name":"Nordijski smu\u010darski klub Romanija Pale","url":"https:\/\/skromanija.com\/en\/","logo":{"@type":"ImageObject","inLanguage":"en-US","@id":"https:\/\/skromanija.com\/en\/#\/schema\/logo\/image\/","url":"https:\/\/skromanija.com\/wp-content\/uploads\/2023\/05\/sklogo.png","contentUrl":"https:\/\/skromanija.com\/wp-content\/uploads\/2023\/05\/sklogo.png","width":558,"height":508,"caption":"Nordijski smu\u010darski klub Romanija Pale"},"image":{"@id":"https:\/\/skromanija.com\/en\/#\/schema\/logo\/image\/"}},{"@type":"Person","@id":"https:\/\/skromanija.com\/#\/schema\/person\/a9e1a1196dc06e040729da126c5a52ab","name":"RomSKus","sameAs":["http:\/\/skromanija.com"],"url":"https:\/\/skromanija.com\/en\/author\/romskus\/"}]}},"_links":{"self":[{"href":"https:\/\/skromanija.com\/en\/wp-json\/wp\/v2\/posts\/3168","targetHints":{"allow":["GET"]}}],"collection":[{"href":"https:\/\/skromanija.com\/en\/wp-json\/wp\/v2\/posts"}],"about":[{"href":"https:\/\/skromanija.com\/en\/wp-json\/wp\/v2\/types\/post"}],"author":[{"embeddable":true,"href":"https:\/\/skromanija.com\/en\/wp-json\/wp\/v2\/users\/1"}],"replies":[{"embeddable":true,"href":"https:\/\/skromanija.com\/en\/wp-json\/wp\/v2\/comments?post=3168"}],"version-history":[{"count":1,"href":"https:\/\/skromanija.com\/en\/wp-json\/wp\/v2\/posts\/3168\/revisions"}],"predecessor-version":[{"id":3170,"href":"https:\/\/skromanija.com\/en\/wp-json\/wp\/v2\/posts\/3168\/revisions\/3170"}],"wp:featuredmedia":[{"embeddable":true,"href":"https:\/\/skromanija.com\/en\/wp-json\/wp\/v2\/media\/3169"}],"wp:attachment":[{"href":"https:\/\/skromanija.com\/en\/wp-json\/wp\/v2\/media?parent=3168"}],"wp:term":[{"taxonomy":"category","embeddable":true,"href":"https:\/\/skromanija.com\/en\/wp-json\/wp\/v2\/categories?post=3168"},{"taxonomy":"post_tag","embeddable":true,"href":"https:\/\/skromanija.com\/en\/wp-json\/wp\/v2\/tags?post=3168"}],"curies":[{"name":"wp","href":"https:\/\/api.w.org\/{rel}","templated":true}]}}