{"id":3400,"date":"2024-02-10T09:05:47","date_gmt":"2024-02-10T08:05:47","guid":{"rendered":"https:\/\/skromanija.com\/?p=3400"},"modified":"2024-02-10T09:05:47","modified_gmt":"2024-02-10T08:05:47","slug":"prije-40-godina-sarajevo-je-bilo-pozornica-svijeta","status":"publish","type":"post","link":"https:\/\/skromanija.com\/en\/prije-40-godina-sarajevo-je-bilo-pozornica-svijeta\/","title":{"rendered":"(Srpski) Prije 40 godina Sarajevo je bilo pozornica svijeta"},"content":{"rendered":"<p class=\"qtranxs-available-languages-message qtranxs-available-languages-message-en\">Sorry, this entry is only available in Serbian language.<\/p><p><em>Dan kada je Sanda Dubrav\u010di\u0107 zapalila olimpijski plamen.<\/em><\/p>\n<p><em>Media.ba<\/em><\/p>\n<p>Prije \u010detrdeset godina otvorene su Zimske olimpijske igre u Sarajevu. Sve\u010danost je po\u010dela u 14:30, a nekada\u0161nja jugoslovenska kliza\u010dica Sanda Dubrav\u010di\u0107 je petnaest minuta kasnije zapalila olimpijski plamen.<\/p>\n<p>\u201cOd danas je Sarajevo pozornica svijeta, simbol mira i progresa. Sarajevo i Sarajlije su sudionici onoga za \u0161to su se godinama pripremali i \u017eivjeli. Po\u010dinje najve\u0107a manifestacija koja je ikada odr\u017eana na tlu jedne nesvrstane zemlje\u201d, objavile su Ve\u010dernje novine.<\/p>\n<p>U novinama pi\u0161e da je olimpijski plamen, \u201csimbol mira i zajedni\u0161tva\u201d, obasjao \u201colimpijsko Sarajevo\u201d. Dva plamena su dan ranije, 7. februara 1984., spojena u Spomen-parku Vrace, a zatim je ta\u010dno u 17:00 sati uz \u201cveli\u010danstvenu smotru bratstva i jedinstva\u201d, plamen stigao na plato ispred Kulturno-sportskog centra Skenderija.<\/p>\n<p>\u201cNajveli\u010danstveniji trenutak, koji \u0107e sigurno biti trajno urezan u sje\u0107anje svakog \u017eitelja Sarajeva i brojnih gostiju je trenutak kada je ta\u010dno u 17,10 sati, uz zvuke Olimpijske himne Ajdin Pa\u0161ovi\u0107, posljednji nosilac zapalio baklju. Olimpijski plamen preno\u0107io je u \u00bbSkenderiji\u00ab, nakon \u010dega \u0107e danas u 14,45 sati biti prenesen na stadion \u00bbKo\u0161evo\u00ab, na kojem \u0107e Sanda Dubrav\u010di\u0107 paljenjem Olimpijskog plamena ozna\u010diti po\u010detak 14. zimskih olimpijskih igara u Sarajevu\u201d, napisale su na prvoj stranici Ve\u010dernje novine na dan otvaranja Olimpijade.<\/p>\n<p>Dvadeset godina kasnije, Sanda Dubrav\u010di\u0107 je prvi put ponovo posjetila Sarajevo. U\u00a0<a href=\"http:\/\/www.infobiro.ba\/article\/172832\">intervjuu za Nezavisne novine<\/a>, u februara 2004.,\u00a0je izjavila:<\/p>\n<p>\u201cKada sam nakon dvije decenije sletjela na Sarajevski aerodrom, bila sam jako uzbu\u0111ena. Kroz glavu su mi pro\u0161le scene iz 1984. godine i trenutak kada sam se popela da upalim plamen i tako ozna\u010dim po\u010detak 14. zimskih olimpijskih igara. Bilo je lijepo, prekrasno, jedinstveno, magi\u010dno, u stvari, nema adekvatne rije\u010d kojom se to mo\u017ee opisati. To se samo jednom mo\u017ee do\u017eivjeti. To je \u010dast koja se rijetkim sportistima uka\u017ee\u201d.<\/p>\n<p>Ve\u010dernje novine su 8. februara 1984. godine pisale i o nekada\u0161njim sportistima koji su na Olimpijadu do\u0161li kao novinari, komentatori i izvjestioci.<\/p>\n<p>\u201cNekada\u0161nji asovi bijelih i ledenih terena, danas su u Sarajevu kao novinski izvje\u0161ta\u010di ili televizijski komentatori. Me\u0111u njima su: Erik Hajden, Brajan D\u017eems Poker, Ginter Polanec, Gerd Mel, Lotar Koler, Mi\u0161el Karije, Ken Rid, D\u017eini Hanter. Robert Seger, Zan Pol \u0160artan, Hari Valerijan, Ugo Seir, Oto D\u017eelinek, Ivan Paganeti i Francisko Fernandes\u201d.<\/p>\n<p><img decoding=\"async\" src=\"https:\/\/media.ba\/sites\/default\/files\/vecernje_novine_8.2.1984._2.png\" alt=\"\" \/><\/p>\n<p>Pisale su i o \u201crazbija\u010du magle\u201d, hemijskom sredstvu koje se koristilo kako bi aerodrom u Sarajevu bio osposobljen za letove.<\/p>\n<p>\u201cPrema kompjuterskoj prognozi, magla koja se ju\u010der u 7 \u010dasova iznenada pojavila na Sarajevskom aerodromu i okolini trebala je da traje do 9 \u010dasova. Me\u0111utim, \u010dim se magla pojavila, razbijena je hemijskim sredstvom, dejstvom sa zemlje, u roku od samo 20 minuta i Aerodrom je osposoljen za normalan saobra\u0107aj\u201d, napisano je u tekstu Ve\u010dernjih novina 8. februara 1984.<\/p>\n<p>Ovaj tekst je krajem januara 2024. objavio Infobiro na svojim dru\u0161tvenim mre\u017eama, a brojni mediji su ga prenijeli. Poredili su situaciju danas u Sarajevu koje se u zimskim periodima \u010desto suo\u010dava sa maglom i smogom i pitali se gdje je nestao \u201crazgija\u010d magle\u201d. Rijetki su istra\u017eili o kakvom sredstvu je rije\u010d, da li se koristi danas i koliko takvo hemijsko sredstvo mo\u017ee biti opasno.<\/p>","protected":false},"excerpt":{"rendered":"<p>Sorry, this entry is only available in Serbian language.Dan kada je Sanda Dubrav\u010di\u0107 zapalila olimpijski plamen. Media.ba Prije \u010detrdeset godina otvorene su Zimske olimpijske igre u Sarajevu. Sve\u010danost je po\u010dela&#8230;<\/p>\n","protected":false},"author":1,"featured_media":3401,"comment_status":"closed","ping_status":"closed","sticky":false,"template":"","format":"standard","meta":{"footnotes":""},"categories":[67],"tags":[],"class_list":["post-3400","post","type-post","status-publish","format-standard","has-post-thumbnail","hentry","category-novosti"],"yoast_head":"<!-- This site is optimized with the Yoast SEO plugin v27.5 - https:\/\/yoast.com\/product\/yoast-seo-wordpress\/ -->\n<title>(Srpski) Prije 40 godina Sarajevo je bilo pozornica svijeta - Nordijski smu\u010darski klub Romanija Pale<\/title>\n<meta name=\"robots\" content=\"index, follow, max-snippet:-1, max-image-preview:large, max-video-preview:-1\" \/>\n<link rel=\"canonical\" href=\"https:\/\/skromanija.com\/en\/prije-40-godina-sarajevo-je-bilo-pozornica-svijeta\/\" \/>\n<meta property=\"og:locale\" content=\"en_US\" \/>\n<meta property=\"og:type\" content=\"article\" \/>\n<meta property=\"og:title\" content=\"(Srpski) Prije 40 godina Sarajevo je bilo pozornica svijeta - Nordijski smu\u010darski klub Romanija Pale\" \/>\n<meta property=\"og:description\" content=\"Sorry, this entry is only available in Serbian language.Dan kada je Sanda Dubrav\u010di\u0107 zapalila olimpijski plamen. Media.ba Prije \u010detrdeset godina otvorene su Zimske olimpijske igre u Sarajevu. Sve\u010danost je po\u010dela...\" \/>\n<meta property=\"og:url\" content=\"https:\/\/skromanija.com\/en\/prije-40-godina-sarajevo-je-bilo-pozornica-svijeta\/\" \/>\n<meta property=\"og:site_name\" content=\"Nordijski smu\u010darski klub Romanija Pale\" \/>\n<meta property=\"article:published_time\" content=\"2024-02-10T08:05:47+00:00\" \/>\n<meta property=\"og:image\" content=\"https:\/\/skromanija.com\/wp-content\/uploads\/2024\/02\/426563793_420913730361462_3433756586893162042_n.jpg\" \/>\n\t<meta property=\"og:image:width\" content=\"1080\" \/>\n\t<meta property=\"og:image:height\" content=\"1498\" \/>\n\t<meta property=\"og:image:type\" content=\"image\/jpeg\" \/>\n<meta name=\"author\" content=\"RomSKus\" \/>\n<meta name=\"twitter:card\" content=\"summary_large_image\" \/>\n<meta name=\"twitter:label1\" content=\"Written by\" \/>\n\t<meta name=\"twitter:data1\" content=\"RomSKus\" \/>\n\t<meta name=\"twitter:label2\" content=\"Est. reading time\" \/>\n\t<meta name=\"twitter:data2\" content=\"3 minutes\" \/>\n<script type=\"application\/ld+json\" class=\"yoast-schema-graph\">{\"@context\":\"https:\\\/\\\/schema.org\",\"@graph\":[{\"@type\":\"Article\",\"@id\":\"https:\\\/\\\/skromanija.com\\\/en\\\/prije-40-godina-sarajevo-je-bilo-pozornica-svijeta\\\/#article\",\"isPartOf\":{\"@id\":\"https:\\\/\\\/skromanija.com\\\/en\\\/prije-40-godina-sarajevo-je-bilo-pozornica-svijeta\\\/\"},\"author\":{\"name\":\"RomSKus\",\"@id\":\"https:\\\/\\\/skromanija.com\\\/#\\\/schema\\\/person\\\/a9e1a1196dc06e040729da126c5a52ab\"},\"headline\":\"(Srpski) Prije 40 godina Sarajevo je bilo pozornica svijeta\",\"datePublished\":\"2024-02-10T08:05:47+00:00\",\"mainEntityOfPage\":{\"@id\":\"https:\\\/\\\/skromanija.com\\\/en\\\/prije-40-godina-sarajevo-je-bilo-pozornica-svijeta\\\/\"},\"wordCount\":556,\"publisher\":{\"@id\":\"https:\\\/\\\/skromanija.com\\\/#organization\"},\"image\":{\"@id\":\"https:\\\/\\\/skromanija.com\\\/en\\\/prije-40-godina-sarajevo-je-bilo-pozornica-svijeta\\\/#primaryimage\"},\"thumbnailUrl\":\"https:\\\/\\\/skromanija.com\\\/wp-content\\\/uploads\\\/2024\\\/02\\\/426563793_420913730361462_3433756586893162042_n.jpg\",\"articleSection\":[\"Novosti\"],\"inLanguage\":\"en-US\"},{\"@type\":\"WebPage\",\"@id\":\"https:\\\/\\\/skromanija.com\\\/en\\\/prije-40-godina-sarajevo-je-bilo-pozornica-svijeta\\\/\",\"url\":\"https:\\\/\\\/skromanija.com\\\/en\\\/prije-40-godina-sarajevo-je-bilo-pozornica-svijeta\\\/\",\"name\":\"(Srpski) Prije 40 godina Sarajevo je bilo pozornica svijeta - Nordijski smu\u010darski klub Romanija Pale\",\"isPartOf\":{\"@id\":\"https:\\\/\\\/skromanija.com\\\/en\\\/#website\"},\"primaryImageOfPage\":{\"@id\":\"https:\\\/\\\/skromanija.com\\\/en\\\/prije-40-godina-sarajevo-je-bilo-pozornica-svijeta\\\/#primaryimage\"},\"image\":{\"@id\":\"https:\\\/\\\/skromanija.com\\\/en\\\/prije-40-godina-sarajevo-je-bilo-pozornica-svijeta\\\/#primaryimage\"},\"thumbnailUrl\":\"https:\\\/\\\/skromanija.com\\\/wp-content\\\/uploads\\\/2024\\\/02\\\/426563793_420913730361462_3433756586893162042_n.jpg\",\"datePublished\":\"2024-02-10T08:05:47+00:00\",\"breadcrumb\":{\"@id\":\"https:\\\/\\\/skromanija.com\\\/en\\\/prije-40-godina-sarajevo-je-bilo-pozornica-svijeta\\\/#breadcrumb\"},\"inLanguage\":\"en-US\",\"potentialAction\":[{\"@type\":\"ReadAction\",\"target\":[[\"https:\\\/\\\/skromanija.com\\\/en\\\/prije-40-godina-sarajevo-je-bilo-pozornica-svijeta\\\/\"]]}]},{\"@type\":\"ImageObject\",\"inLanguage\":\"en-US\",\"@id\":\"https:\\\/\\\/skromanija.com\\\/en\\\/prije-40-godina-sarajevo-je-bilo-pozornica-svijeta\\\/#primaryimage\",\"url\":\"https:\\\/\\\/skromanija.com\\\/wp-content\\\/uploads\\\/2024\\\/02\\\/426563793_420913730361462_3433756586893162042_n.jpg\",\"contentUrl\":\"https:\\\/\\\/skromanija.com\\\/wp-content\\\/uploads\\\/2024\\\/02\\\/426563793_420913730361462_3433756586893162042_n.jpg\",\"width\":1080,\"height\":1498},{\"@type\":\"BreadcrumbList\",\"@id\":\"https:\\\/\\\/skromanija.com\\\/en\\\/prije-40-godina-sarajevo-je-bilo-pozornica-svijeta\\\/#breadcrumb\",\"itemListElement\":[{\"@type\":\"ListItem\",\"position\":1,\"name\":\"Home\",\"item\":\"https:\\\/\\\/skromanija.com\\\/en\\\/\"},{\"@type\":\"ListItem\",\"position\":2,\"name\":\"(Srpski) Prije 40 godina Sarajevo je bilo pozornica svijeta\"}]},{\"@type\":\"WebSite\",\"@id\":\"https:\\\/\\\/skromanija.com\\\/en\\\/#website\",\"url\":\"https:\\\/\\\/skromanija.com\\\/en\\\/\",\"name\":\"Nordijski smu\u010darski klub Romanija Pale\",\"description\":\"Nordic ski team\",\"publisher\":{\"@id\":\"https:\\\/\\\/skromanija.com\\\/en\\\/#organization\"},\"potentialAction\":[{\"@type\":\"SearchAction\",\"target\":{\"@type\":\"EntryPoint\",\"urlTemplate\":\"https:\\\/\\\/skromanija.com\\\/en\\\/?s={search_term_string}\"},\"query-input\":{\"@type\":\"PropertyValueSpecification\",\"valueRequired\":true,\"valueName\":\"search_term_string\"}}],\"inLanguage\":\"en-US\"},{\"@type\":\"Organization\",\"@id\":\"https:\\\/\\\/skromanija.com\\\/en\\\/#organization\",\"name\":\"Nordijski smu\u010darski klub Romanija Pale\",\"url\":\"https:\\\/\\\/skromanija.com\\\/en\\\/\",\"logo\":{\"@type\":\"ImageObject\",\"inLanguage\":\"en-US\",\"@id\":\"https:\\\/\\\/skromanija.com\\\/en\\\/#\\\/schema\\\/logo\\\/image\\\/\",\"url\":\"https:\\\/\\\/skromanija.com\\\/wp-content\\\/uploads\\\/2023\\\/05\\\/sklogo.png\",\"contentUrl\":\"https:\\\/\\\/skromanija.com\\\/wp-content\\\/uploads\\\/2023\\\/05\\\/sklogo.png\",\"width\":558,\"height\":508,\"caption\":\"Nordijski smu\u010darski klub Romanija Pale\"},\"image\":{\"@id\":\"https:\\\/\\\/skromanija.com\\\/en\\\/#\\\/schema\\\/logo\\\/image\\\/\"}},{\"@type\":\"Person\",\"@id\":\"https:\\\/\\\/skromanija.com\\\/#\\\/schema\\\/person\\\/a9e1a1196dc06e040729da126c5a52ab\",\"name\":\"RomSKus\",\"sameAs\":[\"http:\\\/\\\/skromanija.com\"],\"url\":\"https:\\\/\\\/skromanija.com\\\/en\\\/author\\\/romskus\\\/\"}]}<\/script>\n<!-- \/ Yoast SEO plugin. -->","yoast_head_json":{"title":"(Srpski) Prije 40 godina Sarajevo je bilo pozornica svijeta - Nordijski smu\u010darski klub Romanija Pale","robots":{"index":"index","follow":"follow","max-snippet":"max-snippet:-1","max-image-preview":"max-image-preview:large","max-video-preview":"max-video-preview:-1"},"canonical":"https:\/\/skromanija.com\/en\/prije-40-godina-sarajevo-je-bilo-pozornica-svijeta\/","og_locale":"en_US","og_type":"article","og_title":"(Srpski) Prije 40 godina Sarajevo je bilo pozornica svijeta - Nordijski smu\u010darski klub Romanija Pale","og_description":"Sorry, this entry is only available in Serbian language.Dan kada je Sanda Dubrav\u010di\u0107 zapalila olimpijski plamen. Media.ba Prije \u010detrdeset godina otvorene su Zimske olimpijske igre u Sarajevu. Sve\u010danost je po\u010dela...","og_url":"https:\/\/skromanija.com\/en\/prije-40-godina-sarajevo-je-bilo-pozornica-svijeta\/","og_site_name":"Nordijski smu\u010darski klub Romanija Pale","article_published_time":"2024-02-10T08:05:47+00:00","og_image":[{"width":1080,"height":1498,"url":"https:\/\/skromanija.com\/wp-content\/uploads\/2024\/02\/426563793_420913730361462_3433756586893162042_n.jpg","type":"image\/jpeg"}],"author":"RomSKus","twitter_card":"summary_large_image","twitter_misc":{"Written by":"RomSKus","Est. reading time":"3 minutes"},"schema":{"@context":"https:\/\/schema.org","@graph":[{"@type":"Article","@id":"https:\/\/skromanija.com\/en\/prije-40-godina-sarajevo-je-bilo-pozornica-svijeta\/#article","isPartOf":{"@id":"https:\/\/skromanija.com\/en\/prije-40-godina-sarajevo-je-bilo-pozornica-svijeta\/"},"author":{"name":"RomSKus","@id":"https:\/\/skromanija.com\/#\/schema\/person\/a9e1a1196dc06e040729da126c5a52ab"},"headline":"(Srpski) Prije 40 godina Sarajevo je bilo pozornica svijeta","datePublished":"2024-02-10T08:05:47+00:00","mainEntityOfPage":{"@id":"https:\/\/skromanija.com\/en\/prije-40-godina-sarajevo-je-bilo-pozornica-svijeta\/"},"wordCount":556,"publisher":{"@id":"https:\/\/skromanija.com\/#organization"},"image":{"@id":"https:\/\/skromanija.com\/en\/prije-40-godina-sarajevo-je-bilo-pozornica-svijeta\/#primaryimage"},"thumbnailUrl":"https:\/\/skromanija.com\/wp-content\/uploads\/2024\/02\/426563793_420913730361462_3433756586893162042_n.jpg","articleSection":["Novosti"],"inLanguage":"en-US"},{"@type":"WebPage","@id":"https:\/\/skromanija.com\/en\/prije-40-godina-sarajevo-je-bilo-pozornica-svijeta\/","url":"https:\/\/skromanija.com\/en\/prije-40-godina-sarajevo-je-bilo-pozornica-svijeta\/","name":"(Srpski) Prije 40 godina Sarajevo je bilo pozornica svijeta - Nordijski smu\u010darski klub Romanija Pale","isPartOf":{"@id":"https:\/\/skromanija.com\/en\/#website"},"primaryImageOfPage":{"@id":"https:\/\/skromanija.com\/en\/prije-40-godina-sarajevo-je-bilo-pozornica-svijeta\/#primaryimage"},"image":{"@id":"https:\/\/skromanija.com\/en\/prije-40-godina-sarajevo-je-bilo-pozornica-svijeta\/#primaryimage"},"thumbnailUrl":"https:\/\/skromanija.com\/wp-content\/uploads\/2024\/02\/426563793_420913730361462_3433756586893162042_n.jpg","datePublished":"2024-02-10T08:05:47+00:00","breadcrumb":{"@id":"https:\/\/skromanija.com\/en\/prije-40-godina-sarajevo-je-bilo-pozornica-svijeta\/#breadcrumb"},"inLanguage":"en-US","potentialAction":[{"@type":"ReadAction","target":[["https:\/\/skromanija.com\/en\/prije-40-godina-sarajevo-je-bilo-pozornica-svijeta\/"]]}]},{"@type":"ImageObject","inLanguage":"en-US","@id":"https:\/\/skromanija.com\/en\/prije-40-godina-sarajevo-je-bilo-pozornica-svijeta\/#primaryimage","url":"https:\/\/skromanija.com\/wp-content\/uploads\/2024\/02\/426563793_420913730361462_3433756586893162042_n.jpg","contentUrl":"https:\/\/skromanija.com\/wp-content\/uploads\/2024\/02\/426563793_420913730361462_3433756586893162042_n.jpg","width":1080,"height":1498},{"@type":"BreadcrumbList","@id":"https:\/\/skromanija.com\/en\/prije-40-godina-sarajevo-je-bilo-pozornica-svijeta\/#breadcrumb","itemListElement":[{"@type":"ListItem","position":1,"name":"Home","item":"https:\/\/skromanija.com\/en\/"},{"@type":"ListItem","position":2,"name":"(Srpski) Prije 40 godina Sarajevo je bilo pozornica svijeta"}]},{"@type":"WebSite","@id":"https:\/\/skromanija.com\/en\/#website","url":"https:\/\/skromanija.com\/en\/","name":"Nordijski smu\u010darski klub Romanija Pale","description":"Nordic ski team","publisher":{"@id":"https:\/\/skromanija.com\/en\/#organization"},"potentialAction":[{"@type":"SearchAction","target":{"@type":"EntryPoint","urlTemplate":"https:\/\/skromanija.com\/en\/?s={search_term_string}"},"query-input":{"@type":"PropertyValueSpecification","valueRequired":true,"valueName":"search_term_string"}}],"inLanguage":"en-US"},{"@type":"Organization","@id":"https:\/\/skromanija.com\/en\/#organization","name":"Nordijski smu\u010darski klub Romanija Pale","url":"https:\/\/skromanija.com\/en\/","logo":{"@type":"ImageObject","inLanguage":"en-US","@id":"https:\/\/skromanija.com\/en\/#\/schema\/logo\/image\/","url":"https:\/\/skromanija.com\/wp-content\/uploads\/2023\/05\/sklogo.png","contentUrl":"https:\/\/skromanija.com\/wp-content\/uploads\/2023\/05\/sklogo.png","width":558,"height":508,"caption":"Nordijski smu\u010darski klub Romanija Pale"},"image":{"@id":"https:\/\/skromanija.com\/en\/#\/schema\/logo\/image\/"}},{"@type":"Person","@id":"https:\/\/skromanija.com\/#\/schema\/person\/a9e1a1196dc06e040729da126c5a52ab","name":"RomSKus","sameAs":["http:\/\/skromanija.com"],"url":"https:\/\/skromanija.com\/en\/author\/romskus\/"}]}},"_links":{"self":[{"href":"https:\/\/skromanija.com\/en\/wp-json\/wp\/v2\/posts\/3400","targetHints":{"allow":["GET"]}}],"collection":[{"href":"https:\/\/skromanija.com\/en\/wp-json\/wp\/v2\/posts"}],"about":[{"href":"https:\/\/skromanija.com\/en\/wp-json\/wp\/v2\/types\/post"}],"author":[{"embeddable":true,"href":"https:\/\/skromanija.com\/en\/wp-json\/wp\/v2\/users\/1"}],"replies":[{"embeddable":true,"href":"https:\/\/skromanija.com\/en\/wp-json\/wp\/v2\/comments?post=3400"}],"version-history":[{"count":1,"href":"https:\/\/skromanija.com\/en\/wp-json\/wp\/v2\/posts\/3400\/revisions"}],"predecessor-version":[{"id":3402,"href":"https:\/\/skromanija.com\/en\/wp-json\/wp\/v2\/posts\/3400\/revisions\/3402"}],"wp:featuredmedia":[{"embeddable":true,"href":"https:\/\/skromanija.com\/en\/wp-json\/wp\/v2\/media\/3401"}],"wp:attachment":[{"href":"https:\/\/skromanija.com\/en\/wp-json\/wp\/v2\/media?parent=3400"}],"wp:term":[{"taxonomy":"category","embeddable":true,"href":"https:\/\/skromanija.com\/en\/wp-json\/wp\/v2\/categories?post=3400"},{"taxonomy":"post_tag","embeddable":true,"href":"https:\/\/skromanija.com\/en\/wp-json\/wp\/v2\/tags?post=3400"}],"curies":[{"name":"wp","href":"https:\/\/api.w.org\/{rel}","templated":true}]}}